{"id":604,"date":"2018-11-28T10:07:00","date_gmt":"2018-11-28T09:07:00","guid":{"rendered":"https:\/\/www.montessoriostrava.cz\/ms\/?p=604"},"modified":"2025-02-03T14:07:23","modified_gmt":"2025-02-03T13:07:23","slug":"zeptali-jsme-se-reditele","status":"publish","type":"post","link":"https:\/\/www.montessoriostrava.cz\/ms\/zeptali-jsme-se-reditele\/","title":{"rendered":"Zeptali jsme se \u0159editele"},"content":{"rendered":"\n<p><strong>Pane \u0159editeli, jak se \u010dlov\u011bk st\u00e1v\u00e1 \u0159editelem a majitelem p\u0159ed\u0161koln\u00edho a \u0161koln\u00edho za\u0159\u00edzen\u00ed?<\/strong><\/p>\n\n\n\n<p>Po dlouh\u00e9 dob\u011b a t\u011b\u017eceJ(Usm\u00edv\u00e1 se). Z\u0160 a M\u0160 Montessori Ostrava zalo\u017eila p\u0159ed 6 lety Akademick\u00e1 aliance, nejv\u011bt\u0161\u00ed \u010desko-slovensk\u00e1 vzd\u011bl\u00e1vac\u00ed skupina, kterou jsem spoluvlastnil a \u0159\u00eddil. Dr. Marie \u0160vr\u010dkov\u00e1, prvn\u00ed \u0159editelka, j\u00ed vdechla \u017eivot. V z\u00e1\u0159\u00ed tohoto roku jsem \u0159\u00edzen\u00ed v\u0161ech \u0161kol (p\u0159ev\u00e1\u017en\u011b V\u0160) opustil a stal se jedin\u00fdm majitelem Z\u0160 a M\u0160 Montessori Ostrava a dr. \u0160vr\u010dkov\u00e1 rezignovala ze zdravotn\u00edch d\u016fvod\u016f. Nebylo to lehk\u00e9 obdob\u00ed.<\/p>\n\n\n\n<p><strong>To jste vym\u011bnil vysok\u00e9 \u0161koly za \u0161kolku a \u0161kolu? Pro\u010d?<\/strong><\/p>\n\n\n\n<p>V\u00fdm\u011bna nen\u00ed spr\u00e1vn\u00fd term\u00edn. \u0158\u00edzen\u00ed vysok\u00fdch \u0161kol jsem opustil proto, \u017ee jsem p\u0159estal vid\u011bt sv\u011btlo na konci tunelu a jeho rozsv\u00edcen\u00ed jsem nemohl ovlivnit. Naopak jsem doz\u0159el toho, \u017ee mohu-li b\u00fdt spole\u010dnosti a sv\u00fdm d\u011btem je\u0161t\u011b v\u00edce u\u017eite\u010dn\u00fd, vybuduji \u0161pi\u010dkov\u00e9 p\u0159ed\u0161koln\u00ed a \u0161koln\u00ed za\u0159\u00edzen\u00ed v&nbsp;Ostrav\u011b.<\/p>\n\n\n\n<p><strong>Jak by podle V\u00e1s m\u011bla takov\u00e1 \u0161pi\u010dkov\u00e1 \u0161kola vypadat?<\/strong><\/p>\n\n\n\n<p>Podle fas\u00e1dy nebo s\u00eddl\u00ed-li v Karol\u00edn\u011b ji rozhodn\u011b neur\u010d\u00edte. Podstatou \u00fasp\u011bchu jsou kvalifikovan\u00ed, motivovan\u00ed a nad\u0161en\u00ed u\u010ditel\u00e9, kte\u0159\u00ed \u201eum\u00ed\u201c u\u010dit. Kl\u00ed\u010dov\u00fd je pom\u011br po\u010dtu d\u011bt\u00ed a u\u010ditel\u016f. Na Montessori Ostrava m\u00e1me na M\u0160 i na 1. stupni Z\u0160 t\u0159i u\u010ditele na 18 d\u011bt\u00ed ve t\u0159\u00edd\u011b. D\u011btem se v\u011bnujeme alternativn\u011b za pomoc\u00ed Montessori pedagogiky, rozv\u00edj\u00edme v d\u011btech jejich p\u0159irozen\u00e9 schopnosti, d\u011bti se otrocky nebifluj\u00ed ani je nenut\u00edme memorovat data. Netestujeme, co neum\u00ed, u\u010d\u00edme je \u201eu\u010dit se\u201c, motivujeme, nezn\u00e1mkujeme. D\u011bti se k n\u00e1m t\u011b\u0161\u00ed.<\/p>\n\n\n\n<figure class=\"wp-block-image size-full\"><img loading=\"lazy\" decoding=\"async\" width=\"300\" height=\"225\" src=\"https:\/\/www.montessoriostrava.cz\/ms\/wp-content\/uploads\/sites\/4\/2025\/01\/IMG_6329-300x225-1.jpg\" alt=\"Zeptali jsme se \u0159editele\" class=\"wp-image-606\"\/><\/figure>\n\n\n\n<p><strong>Na 18 d\u011bt\u00ed 3 u\u010ditel\u00e9, to je asi sen ka\u017ed\u00e9ho pedagoga, ale kdo to zaplat\u00ed?<\/strong><\/p>\n\n\n\n<p>P\u0159ipou\u0161t\u00edm, \u017ee je to ekonomicky n\u00e1ro\u010dn\u00e9 a \u0161koln\u00e9 tyto v\u00fddaje nepokryje. Ji\u017e n\u011bkolik let provoz \u0161koly v\u00fdznamn\u011b podporuji a pova\u017euji to za nejl\u00e9pe utracen\u00e9\/investovan\u00e9 prost\u0159edky. Jako otec dvou d\u011bt\u00ed toti\u017e ka\u017ed\u00fd den na nich vid\u00edm u\u017eitek a efekt z&nbsp;t\u011bchto prost\u0159edk\u016f. Ostatn\u011b nen\u00ed lep\u0161\u00ed d\u016fkaz p\u0159esv\u011bd\u010den\u00ed o kvalit\u011b instituce ne\u017e, \u017ee se v&nbsp;n\u00ed vzd\u011bl\u00e1vaj\u00ed vlastn\u00ed d\u011bti.<\/p>\n\n\n\n<p><strong>Jak\u00fd je \u201etypick\u00fd rodi\u010d\u201c Va\u0161\u00ed \u0161koly?<\/strong><\/p>\n\n\n\n<p>Nelze odpov\u011bd\u011bt jednou v\u011btou. Nap\u0159\u00edklad m\u00e1me rodi\u010de, kte\u0159\u00ed k n\u00e1m denn\u011b doj\u00ed\u017ed\u00ed 55 km, naproti tomu m\u00e1me rodi\u010de, pro kter\u00e9 \u0161koln\u00e9 p\u0159edstavuje v\u00fdznamnou \u010d\u00e1st rodinn\u00e9ho rozpo\u010dtu. Spole\u010dn\u00fdm rysem jsou v\u0161ak vysok\u00e1 o\u010dek\u00e1v\u00e1n\u00ed, \u017ee z&nbsp;jejich d\u011bt\u00ed vychov\u00e1me respektuj\u00edc\u00ed ov\u0161em i respektovan\u00e9 bytosti, kter\u00e9 se um\u00ed u\u010dit, dovedou se rozhodovat, budou p\u0159ipraveny na zm\u011bny ve spole\u010dnosti a najdou v&nbsp;n\u00ed sv\u00e9 m\u00edsto. A za toto jsou rodi\u010de v&nbsp;dne\u0161n\u00ed dob\u011b \u010d\u00edm d\u00e1l v\u00edce ochotni platit \u0161koln\u00e9 na soukrom\u00fdch \u0161kol\u00e1ch.<\/p>\n\n\n\n<p><strong>Z\u00e1kladn\u00ed \u0161kolu m\u00e1te t\u0159et\u00edm rokem a m\u00e1te pouze 18 d\u011bt\u00ed, nen\u00ed to na 9 ti letku m\u00e1lo?<\/strong><\/p>\n\n\n\n<p>Jist\u011b, to je t\u0159eba vysv\u011btlit\u2026 Od po\u010d\u00e1tku byla na\u0161e strategie provozov\u00e1n\u00ed mate\u0159sk\u00e9 a z\u00e1kladn\u00ed \u0161koly v&nbsp;jednom dom\u011b, co\u017e dodnes pova\u017euji za v\u00fdhodu, rodi\u010de k&nbsp;n\u00e1m voz\u00ed i sourozence. Na z\u00e1kladn\u00ed \u0161kolu se tak hl\u00e1s\u00ed prim\u00e1rn\u011b d\u011bti, kter\u00e9 ukon\u010dily na\u0161i \u0161kolku a nastupuj\u00ed do prvn\u00ed t\u0159\u00eddy. Jsou tak ide\u00e1ln\u011b p\u0159ipraveni na p\u0159echod do z\u00e1kladn\u00ed \u0161koly. Vy\u0161\u0161\u00ed ro\u010dn\u00edky jsme doposud neotv\u00edrali, up\u0159ednost\u0148ujeme d\u011bti, kter\u00e9 pro\u0161ly na\u0161im p\u0159ed\u0161koln\u00edm vzd\u011bl\u00e1v\u00e1n\u00edm a za p\u011bt let jich je\u0161t\u011b tolik nebylo. P\u0159esto v\u0161ak u n\u00e1s najdete i d\u011bti, kter\u00e9 p\u0159estoupily z&nbsp;jin\u00fdch \u0161kol a jsou spokojen\u00e9.<\/p>\n\n\n\n<p><strong>Co nov\u00e9ho spojen\u00e9ho se zm\u011bnou majitele a \u0159editele ve Va\u0161\u00ed osob\u011b na Montessori Ostrava d\u00e1le pl\u00e1nujete?<\/strong><\/p>\n\n\n\n<p>Jak jsem zm\u00ednil, z\u00e1kladem jsou \u0161pi\u010dkov\u00ed kanto\u0159i. Po dlouh\u00e9m hled\u00e1n\u00ed jsme na\u0161li rodil\u00e9 mluv\u010d\u00ed jazyka anglick\u00e9ho a \u0161pan\u011blsk\u00e9ho. M\u00e1m z&nbsp;nich radost! Na v\u00fduku ciz\u00edch jazyk\u016f klademe vysok\u00fd d\u016fraz. Vyhled\u00e1v\u00e1n\u00ed budouc\u00edch spolupracovn\u00edk\u016f je soustavn\u00e1 \u010dinnost. Je jich m\u00e1lo. D\u00e1le v p\u0159\u00ed\u0161t\u00edm roce pl\u00e1nujeme investice do oprav a n\u00e1kup iPad do v\u00fduky. Tablety nezakazujeme, pracujeme s&nbsp;nimi.<\/p>\n\n\n\n<p><strong>Co byste vzk\u00e1zal rodi\u010d\u016fm budouc\u00edch d\u011bt\u00ed a \u017e\u00e1k\u016f?<\/strong><\/p>\n\n\n\n<p>V\u00fdb\u011br p\u0159ed\u0161koln\u00ed a \u0161koln\u00ed instituce pova\u017euji za nejd\u016fle\u017eit\u011bj\u0161\u00ed etapu v\u00a0\u017eivot\u011b. D\u011bti jsou jako nepopsan\u00fd list. Ostatn\u011b zn\u00e1m\u00fd americk\u00fd filosof, u\u010ditel a spisovatel Robert Fulghum napsal svou kl\u00ed\u010dovou knihu s n\u00e1zvem:\u00a0<em>V\u0161echno, co opravdu pot\u0159ebuju zn\u00e1t, jsem se nau\u010dil v mate\u0159sk\u00e9 \u0161kolce<\/em>.\u201c (Nejslavn\u011bj\u0161\u00ed kniha, 14 mil. vyd\u00e1n\u00ed, pozn. autora.) Vyb\u00edrejte s rozvahou a podle vyzr\u00e1losti a profesionalit\u011b pedagog\u016f, nikoliv podle toho, je-li za rohem domu, \u010di domu prarodi\u010d\u016f, by\u0165 rozum\u00edm, \u017ee je to pohodln\u00e9. Srde\u010dn\u011b v\u00e1s zvu na\u00a0<strong>Den otev\u0159en\u00fdch dve\u0159\u00ed<\/strong>.<\/p>\n\n\n\n<p><strong>D\u011bkuji V\u00e1m za rozhovor.<\/strong><\/p>\n\n\n\n<p>Ptal se Jaroslav Proch\u00e1zka, redaktor sekce vzd\u011bl\u00e1v\u00e1n\u00ed.<\/p>\n\n\n\n<p><\/p>\n","protected":false},"excerpt":{"rendered":"<p>Ing. Radan J\u00fcnger je zn\u00e1m\u00fd v\u00a0Ostrav\u011b ve spojen\u00ed s\u00a0Vysokou \u0161kolou podnik\u00e1n\u00ed, kterou p\u0159ed 18 lety zalo\u017eil jeho otec Doc. PhDr. Josef J\u00fcnger, CSc. <\/p>\n","protected":false},"author":3,"featured_media":607,"comment_status":"closed","ping_status":"closed","sticky":false,"template":"","format":"standard","meta":{"footnotes":""},"categories":[1],"tags":[],"class_list":["post-604","post","type-post","status-publish","format-standard","has-post-thumbnail","hentry","category-nezarazene"],"acf":[],"yoast_head":"<!-- This site is optimized with the Yoast SEO plugin v27.5 - https:\/\/yoast.com\/product\/yoast-seo-wordpress\/ -->\n<title>Zeptali jsme se \u0159editele | M\u0160 Montessori Ostrava<\/title>\n<meta name=\"description\" content=\"Aktuality z mate\u0159sk\u00e9 \u0161koly Montessori Ostrava si m\u016f\u017eete p\u0159e\u010d\u00edst u n\u00e1s na webu. P\u0159e\u010dt\u011bte si nap\u0159. novinku na t\u00e9ma Zeptali jsme se \u0159editele.\" \/>\n<meta name=\"robots\" content=\"index, follow, max-snippet:-1, max-image-preview:large, max-video-preview:-1\" \/>\n<link rel=\"canonical\" href=\"https:\/\/www.montessoriostrava.cz\/ms\/zeptali-jsme-se-reditele\/\" \/>\n<meta property=\"og:locale\" content=\"cs_CZ\" \/>\n<meta property=\"og:type\" content=\"article\" \/>\n<meta property=\"og:title\" content=\"Zeptali jsme se \u0159editele | M\u0160 Montessori Ostrava\" \/>\n<meta property=\"og:description\" content=\"Aktuality z mate\u0159sk\u00e9 \u0161koly Montessori Ostrava si m\u016f\u017eete p\u0159e\u010d\u00edst u n\u00e1s na webu. P\u0159e\u010dt\u011bte si nap\u0159. novinku na t\u00e9ma Zeptali jsme se \u0159editele.\" \/>\n<meta property=\"og:url\" content=\"https:\/\/www.montessoriostrava.cz\/ms\/zeptali-jsme-se-reditele\/\" \/>\n<meta property=\"og:site_name\" content=\"M\u0160 Montessori Ostrava\" \/>\n<meta property=\"article:published_time\" content=\"2018-11-28T09:07:00+00:00\" \/>\n<meta property=\"article:modified_time\" content=\"2025-02-03T13:07:23+00:00\" \/>\n<meta property=\"og:image\" content=\"https:\/\/www.montessoriostrava.cz\/ms\/wp-content\/uploads\/sites\/4\/2025\/01\/rozhovor-radan-junger-scaled.jpg\" \/>\n\t<meta property=\"og:image:width\" content=\"2560\" \/>\n\t<meta property=\"og:image:height\" content=\"1227\" \/>\n\t<meta property=\"og:image:type\" content=\"image\/jpeg\" \/>\n<meta name=\"author\" content=\"radanjunger\" \/>\n<meta name=\"twitter:card\" content=\"summary_large_image\" \/>\n<meta name=\"twitter:label1\" content=\"Napsal(a)\" \/>\n\t<meta name=\"twitter:data1\" content=\"radanjunger\" \/>\n\t<meta name=\"twitter:label2\" content=\"Odhadovan\u00e1 doba \u010dten\u00ed\" \/>\n\t<meta name=\"twitter:data2\" content=\"5 minut\" \/>\n<script type=\"application\/ld+json\" class=\"yoast-schema-graph\">{\"@context\":\"https:\\\/\\\/schema.org\",\"@graph\":[{\"@type\":\"Article\",\"@id\":\"https:\\\/\\\/www.montessoriostrava.cz\\\/ms\\\/zeptali-jsme-se-reditele\\\/#article\",\"isPartOf\":{\"@id\":\"https:\\\/\\\/www.montessoriostrava.cz\\\/ms\\\/zeptali-jsme-se-reditele\\\/\"},\"author\":{\"name\":\"radanjunger\",\"@id\":\"https:\\\/\\\/www.montessoriostrava.cz\\\/ms\\\/#\\\/schema\\\/person\\\/5dc0051888ae972ef0c403e95bd94ab2\"},\"headline\":\"Zeptali jsme se \u0159editele\",\"datePublished\":\"2018-11-28T09:07:00+00:00\",\"dateModified\":\"2025-02-03T13:07:23+00:00\",\"mainEntityOfPage\":{\"@id\":\"https:\\\/\\\/www.montessoriostrava.cz\\\/ms\\\/zeptali-jsme-se-reditele\\\/\"},\"wordCount\":931,\"publisher\":{\"@id\":\"https:\\\/\\\/www.montessoriostrava.cz\\\/ms\\\/#organization\"},\"image\":{\"@id\":\"https:\\\/\\\/www.montessoriostrava.cz\\\/ms\\\/zeptali-jsme-se-reditele\\\/#primaryimage\"},\"thumbnailUrl\":\"https:\\\/\\\/www.montessoriostrava.cz\\\/ms\\\/wp-content\\\/uploads\\\/sites\\\/4\\\/2025\\\/01\\\/rozhovor-radan-junger-scaled.jpg\",\"inLanguage\":\"cs\"},{\"@type\":\"WebPage\",\"@id\":\"https:\\\/\\\/www.montessoriostrava.cz\\\/ms\\\/zeptali-jsme-se-reditele\\\/\",\"url\":\"https:\\\/\\\/www.montessoriostrava.cz\\\/ms\\\/zeptali-jsme-se-reditele\\\/\",\"name\":\"Zeptali jsme se \u0159editele | M\u0160 Montessori Ostrava\",\"isPartOf\":{\"@id\":\"https:\\\/\\\/www.montessoriostrava.cz\\\/ms\\\/#website\"},\"primaryImageOfPage\":{\"@id\":\"https:\\\/\\\/www.montessoriostrava.cz\\\/ms\\\/zeptali-jsme-se-reditele\\\/#primaryimage\"},\"image\":{\"@id\":\"https:\\\/\\\/www.montessoriostrava.cz\\\/ms\\\/zeptali-jsme-se-reditele\\\/#primaryimage\"},\"thumbnailUrl\":\"https:\\\/\\\/www.montessoriostrava.cz\\\/ms\\\/wp-content\\\/uploads\\\/sites\\\/4\\\/2025\\\/01\\\/rozhovor-radan-junger-scaled.jpg\",\"datePublished\":\"2018-11-28T09:07:00+00:00\",\"dateModified\":\"2025-02-03T13:07:23+00:00\",\"description\":\"Aktuality z mate\u0159sk\u00e9 \u0161koly Montessori Ostrava si m\u016f\u017eete p\u0159e\u010d\u00edst u n\u00e1s na webu. P\u0159e\u010dt\u011bte si nap\u0159. novinku na t\u00e9ma Zeptali jsme se \u0159editele.\",\"breadcrumb\":{\"@id\":\"https:\\\/\\\/www.montessoriostrava.cz\\\/ms\\\/zeptali-jsme-se-reditele\\\/#breadcrumb\"},\"inLanguage\":\"cs\",\"potentialAction\":[{\"@type\":\"ReadAction\",\"target\":[\"https:\\\/\\\/www.montessoriostrava.cz\\\/ms\\\/zeptali-jsme-se-reditele\\\/\"]}]},{\"@type\":\"ImageObject\",\"inLanguage\":\"cs\",\"@id\":\"https:\\\/\\\/www.montessoriostrava.cz\\\/ms\\\/zeptali-jsme-se-reditele\\\/#primaryimage\",\"url\":\"https:\\\/\\\/www.montessoriostrava.cz\\\/ms\\\/wp-content\\\/uploads\\\/sites\\\/4\\\/2025\\\/01\\\/rozhovor-radan-junger-scaled.jpg\",\"contentUrl\":\"https:\\\/\\\/www.montessoriostrava.cz\\\/ms\\\/wp-content\\\/uploads\\\/sites\\\/4\\\/2025\\\/01\\\/rozhovor-radan-junger-scaled.jpg\",\"width\":2560,\"height\":1227,\"caption\":\"rpt\"},{\"@type\":\"BreadcrumbList\",\"@id\":\"https:\\\/\\\/www.montessoriostrava.cz\\\/ms\\\/zeptali-jsme-se-reditele\\\/#breadcrumb\",\"itemListElement\":[{\"@type\":\"ListItem\",\"position\":1,\"name\":\"Dom\u016f\",\"item\":\"https:\\\/\\\/www.montessoriostrava.cz\\\/ms\\\/\"},{\"@type\":\"ListItem\",\"position\":2,\"name\":\"Zeptali jsme se \u0159editele\"}]},{\"@type\":\"WebSite\",\"@id\":\"https:\\\/\\\/www.montessoriostrava.cz\\\/ms\\\/#website\",\"url\":\"https:\\\/\\\/www.montessoriostrava.cz\\\/ms\\\/\",\"name\":\"M\u0160 Montessori Ostrava\",\"description\":\"\",\"publisher\":{\"@id\":\"https:\\\/\\\/www.montessoriostrava.cz\\\/ms\\\/#organization\"},\"potentialAction\":[{\"@type\":\"SearchAction\",\"target\":{\"@type\":\"EntryPoint\",\"urlTemplate\":\"https:\\\/\\\/www.montessoriostrava.cz\\\/ms\\\/?s={search_term_string}\"},\"query-input\":{\"@type\":\"PropertyValueSpecification\",\"valueRequired\":true,\"valueName\":\"search_term_string\"}}],\"inLanguage\":\"cs\"},{\"@type\":\"Organization\",\"@id\":\"https:\\\/\\\/www.montessoriostrava.cz\\\/ms\\\/#organization\",\"name\":\"Montessori Ostrava\",\"url\":\"https:\\\/\\\/www.montessoriostrava.cz\\\/ms\\\/\",\"logo\":{\"@type\":\"ImageObject\",\"inLanguage\":\"cs\",\"@id\":\"https:\\\/\\\/www.montessoriostrava.cz\\\/ms\\\/#\\\/schema\\\/logo\\\/image\\\/\",\"url\":\"https:\\\/\\\/www.montessoriostrava.cz\\\/ms\\\/wp-content\\\/uploads\\\/sites\\\/4\\\/2025\\\/01\\\/logo-montessori.png\",\"contentUrl\":\"https:\\\/\\\/www.montessoriostrava.cz\\\/ms\\\/wp-content\\\/uploads\\\/sites\\\/4\\\/2025\\\/01\\\/logo-montessori.png\",\"width\":1794,\"height\":527,\"caption\":\"Montessori Ostrava\"},\"image\":{\"@id\":\"https:\\\/\\\/www.montessoriostrava.cz\\\/ms\\\/#\\\/schema\\\/logo\\\/image\\\/\"}},{\"@type\":\"Person\",\"@id\":\"https:\\\/\\\/www.montessoriostrava.cz\\\/ms\\\/#\\\/schema\\\/person\\\/5dc0051888ae972ef0c403e95bd94ab2\",\"name\":\"radanjunger\",\"image\":{\"@type\":\"ImageObject\",\"inLanguage\":\"cs\",\"@id\":\"https:\\\/\\\/secure.gravatar.com\\\/avatar\\\/ea9105630782250b5f04ba9be1c580ace99b35751175b96ec0111f0f8ab7c5df?s=96&d=mm&r=g\",\"url\":\"https:\\\/\\\/secure.gravatar.com\\\/avatar\\\/ea9105630782250b5f04ba9be1c580ace99b35751175b96ec0111f0f8ab7c5df?s=96&d=mm&r=g\",\"contentUrl\":\"https:\\\/\\\/secure.gravatar.com\\\/avatar\\\/ea9105630782250b5f04ba9be1c580ace99b35751175b96ec0111f0f8ab7c5df?s=96&d=mm&r=g\",\"caption\":\"radanjunger\"}}]}<\/script>\n<!-- \/ Yoast SEO plugin. -->","yoast_head_json":{"title":"Zeptali jsme se \u0159editele | M\u0160 Montessori Ostrava","description":"Aktuality z mate\u0159sk\u00e9 \u0161koly Montessori Ostrava si m\u016f\u017eete p\u0159e\u010d\u00edst u n\u00e1s na webu. P\u0159e\u010dt\u011bte si nap\u0159. novinku na t\u00e9ma Zeptali jsme se \u0159editele.","robots":{"index":"index","follow":"follow","max-snippet":"max-snippet:-1","max-image-preview":"max-image-preview:large","max-video-preview":"max-video-preview:-1"},"canonical":"https:\/\/www.montessoriostrava.cz\/ms\/zeptali-jsme-se-reditele\/","og_locale":"cs_CZ","og_type":"article","og_title":"Zeptali jsme se \u0159editele | M\u0160 Montessori Ostrava","og_description":"Aktuality z mate\u0159sk\u00e9 \u0161koly Montessori Ostrava si m\u016f\u017eete p\u0159e\u010d\u00edst u n\u00e1s na webu. P\u0159e\u010dt\u011bte si nap\u0159. novinku na t\u00e9ma Zeptali jsme se \u0159editele.","og_url":"https:\/\/www.montessoriostrava.cz\/ms\/zeptali-jsme-se-reditele\/","og_site_name":"M\u0160 Montessori Ostrava","article_published_time":"2018-11-28T09:07:00+00:00","article_modified_time":"2025-02-03T13:07:23+00:00","og_image":[{"width":2560,"height":1227,"url":"https:\/\/www.montessoriostrava.cz\/ms\/wp-content\/uploads\/sites\/4\/2025\/01\/rozhovor-radan-junger-scaled.jpg","type":"image\/jpeg"}],"author":"radanjunger","twitter_card":"summary_large_image","twitter_misc":{"Napsal(a)":"radanjunger","Odhadovan\u00e1 doba \u010dten\u00ed":"5 minut"},"schema":{"@context":"https:\/\/schema.org","@graph":[{"@type":"Article","@id":"https:\/\/www.montessoriostrava.cz\/ms\/zeptali-jsme-se-reditele\/#article","isPartOf":{"@id":"https:\/\/www.montessoriostrava.cz\/ms\/zeptali-jsme-se-reditele\/"},"author":{"name":"radanjunger","@id":"https:\/\/www.montessoriostrava.cz\/ms\/#\/schema\/person\/5dc0051888ae972ef0c403e95bd94ab2"},"headline":"Zeptali jsme se \u0159editele","datePublished":"2018-11-28T09:07:00+00:00","dateModified":"2025-02-03T13:07:23+00:00","mainEntityOfPage":{"@id":"https:\/\/www.montessoriostrava.cz\/ms\/zeptali-jsme-se-reditele\/"},"wordCount":931,"publisher":{"@id":"https:\/\/www.montessoriostrava.cz\/ms\/#organization"},"image":{"@id":"https:\/\/www.montessoriostrava.cz\/ms\/zeptali-jsme-se-reditele\/#primaryimage"},"thumbnailUrl":"https:\/\/www.montessoriostrava.cz\/ms\/wp-content\/uploads\/sites\/4\/2025\/01\/rozhovor-radan-junger-scaled.jpg","inLanguage":"cs"},{"@type":"WebPage","@id":"https:\/\/www.montessoriostrava.cz\/ms\/zeptali-jsme-se-reditele\/","url":"https:\/\/www.montessoriostrava.cz\/ms\/zeptali-jsme-se-reditele\/","name":"Zeptali jsme se \u0159editele | M\u0160 Montessori Ostrava","isPartOf":{"@id":"https:\/\/www.montessoriostrava.cz\/ms\/#website"},"primaryImageOfPage":{"@id":"https:\/\/www.montessoriostrava.cz\/ms\/zeptali-jsme-se-reditele\/#primaryimage"},"image":{"@id":"https:\/\/www.montessoriostrava.cz\/ms\/zeptali-jsme-se-reditele\/#primaryimage"},"thumbnailUrl":"https:\/\/www.montessoriostrava.cz\/ms\/wp-content\/uploads\/sites\/4\/2025\/01\/rozhovor-radan-junger-scaled.jpg","datePublished":"2018-11-28T09:07:00+00:00","dateModified":"2025-02-03T13:07:23+00:00","description":"Aktuality z mate\u0159sk\u00e9 \u0161koly Montessori Ostrava si m\u016f\u017eete p\u0159e\u010d\u00edst u n\u00e1s na webu. P\u0159e\u010dt\u011bte si nap\u0159. novinku na t\u00e9ma Zeptali jsme se \u0159editele.","breadcrumb":{"@id":"https:\/\/www.montessoriostrava.cz\/ms\/zeptali-jsme-se-reditele\/#breadcrumb"},"inLanguage":"cs","potentialAction":[{"@type":"ReadAction","target":["https:\/\/www.montessoriostrava.cz\/ms\/zeptali-jsme-se-reditele\/"]}]},{"@type":"ImageObject","inLanguage":"cs","@id":"https:\/\/www.montessoriostrava.cz\/ms\/zeptali-jsme-se-reditele\/#primaryimage","url":"https:\/\/www.montessoriostrava.cz\/ms\/wp-content\/uploads\/sites\/4\/2025\/01\/rozhovor-radan-junger-scaled.jpg","contentUrl":"https:\/\/www.montessoriostrava.cz\/ms\/wp-content\/uploads\/sites\/4\/2025\/01\/rozhovor-radan-junger-scaled.jpg","width":2560,"height":1227,"caption":"rpt"},{"@type":"BreadcrumbList","@id":"https:\/\/www.montessoriostrava.cz\/ms\/zeptali-jsme-se-reditele\/#breadcrumb","itemListElement":[{"@type":"ListItem","position":1,"name":"Dom\u016f","item":"https:\/\/www.montessoriostrava.cz\/ms\/"},{"@type":"ListItem","position":2,"name":"Zeptali jsme se \u0159editele"}]},{"@type":"WebSite","@id":"https:\/\/www.montessoriostrava.cz\/ms\/#website","url":"https:\/\/www.montessoriostrava.cz\/ms\/","name":"M\u0160 Montessori Ostrava","description":"","publisher":{"@id":"https:\/\/www.montessoriostrava.cz\/ms\/#organization"},"potentialAction":[{"@type":"SearchAction","target":{"@type":"EntryPoint","urlTemplate":"https:\/\/www.montessoriostrava.cz\/ms\/?s={search_term_string}"},"query-input":{"@type":"PropertyValueSpecification","valueRequired":true,"valueName":"search_term_string"}}],"inLanguage":"cs"},{"@type":"Organization","@id":"https:\/\/www.montessoriostrava.cz\/ms\/#organization","name":"Montessori Ostrava","url":"https:\/\/www.montessoriostrava.cz\/ms\/","logo":{"@type":"ImageObject","inLanguage":"cs","@id":"https:\/\/www.montessoriostrava.cz\/ms\/#\/schema\/logo\/image\/","url":"https:\/\/www.montessoriostrava.cz\/ms\/wp-content\/uploads\/sites\/4\/2025\/01\/logo-montessori.png","contentUrl":"https:\/\/www.montessoriostrava.cz\/ms\/wp-content\/uploads\/sites\/4\/2025\/01\/logo-montessori.png","width":1794,"height":527,"caption":"Montessori Ostrava"},"image":{"@id":"https:\/\/www.montessoriostrava.cz\/ms\/#\/schema\/logo\/image\/"}},{"@type":"Person","@id":"https:\/\/www.montessoriostrava.cz\/ms\/#\/schema\/person\/5dc0051888ae972ef0c403e95bd94ab2","name":"radanjunger","image":{"@type":"ImageObject","inLanguage":"cs","@id":"https:\/\/secure.gravatar.com\/avatar\/ea9105630782250b5f04ba9be1c580ace99b35751175b96ec0111f0f8ab7c5df?s=96&d=mm&r=g","url":"https:\/\/secure.gravatar.com\/avatar\/ea9105630782250b5f04ba9be1c580ace99b35751175b96ec0111f0f8ab7c5df?s=96&d=mm&r=g","contentUrl":"https:\/\/secure.gravatar.com\/avatar\/ea9105630782250b5f04ba9be1c580ace99b35751175b96ec0111f0f8ab7c5df?s=96&d=mm&r=g","caption":"radanjunger"}}]}},"_links":{"self":[{"href":"https:\/\/www.montessoriostrava.cz\/ms\/wp-json\/wp\/v2\/posts\/604","targetHints":{"allow":["GET"]}}],"collection":[{"href":"https:\/\/www.montessoriostrava.cz\/ms\/wp-json\/wp\/v2\/posts"}],"about":[{"href":"https:\/\/www.montessoriostrava.cz\/ms\/wp-json\/wp\/v2\/types\/post"}],"author":[{"embeddable":true,"href":"https:\/\/www.montessoriostrava.cz\/ms\/wp-json\/wp\/v2\/users\/3"}],"replies":[{"embeddable":true,"href":"https:\/\/www.montessoriostrava.cz\/ms\/wp-json\/wp\/v2\/comments?post=604"}],"version-history":[{"count":3,"href":"https:\/\/www.montessoriostrava.cz\/ms\/wp-json\/wp\/v2\/posts\/604\/revisions"}],"predecessor-version":[{"id":1042,"href":"https:\/\/www.montessoriostrava.cz\/ms\/wp-json\/wp\/v2\/posts\/604\/revisions\/1042"}],"wp:featuredmedia":[{"embeddable":true,"href":"https:\/\/www.montessoriostrava.cz\/ms\/wp-json\/wp\/v2\/media\/607"}],"wp:attachment":[{"href":"https:\/\/www.montessoriostrava.cz\/ms\/wp-json\/wp\/v2\/media?parent=604"}],"wp:term":[{"taxonomy":"category","embeddable":true,"href":"https:\/\/www.montessoriostrava.cz\/ms\/wp-json\/wp\/v2\/categories?post=604"},{"taxonomy":"post_tag","embeddable":true,"href":"https:\/\/www.montessoriostrava.cz\/ms\/wp-json\/wp\/v2\/tags?post=604"}],"curies":[{"name":"wp","href":"https:\/\/api.w.org\/{rel}","templated":true}]}}