{"id":610,"date":"2018-06-28T10:11:00","date_gmt":"2018-06-28T08:11:00","guid":{"rendered":"https:\/\/www.montessoriostrava.cz\/ms\/?p=610"},"modified":"2025-02-06T08:56:02","modified_gmt":"2025-02-06T07:56:02","slug":"kdyz-jsem-skolu-prezila-ja-zvladne-to-i-me-dite","status":"publish","type":"post","link":"https:\/\/www.montessoriostrava.cz\/ms\/kdyz-jsem-skolu-prezila-ja-zvladne-to-i-me-dite\/","title":{"rendered":"Kdy\u017e jsem \u0161kolu p\u0159e\u017eila j\u00e1, zvl\u00e1dne to i m\u00e9 d\u00edt\u011b"},"content":{"rendered":"\n<div class=\"wp-block-cover is-light\"><span aria-hidden=\"true\" class=\"wp-block-cover__background has-background-dim\" style=\"background-color:#ac7b65\"><\/span><img loading=\"lazy\" decoding=\"async\" width=\"1024\" height=\"595\" class=\"wp-block-cover__image-background wp-image-611\" alt=\"\" src=\"https:\/\/www.montessoriostrava.cz\/ms\/wp-content\/uploads\/sites\/4\/2025\/01\/monte-skola-generace-1024x595-1.jpg\" data-object-fit=\"cover\" srcset=\"https:\/\/www.montessoriostrava.cz\/ms\/wp-content\/uploads\/sites\/4\/2025\/01\/monte-skola-generace-1024x595-1.jpg 1024w, https:\/\/www.montessoriostrava.cz\/ms\/wp-content\/uploads\/sites\/4\/2025\/01\/monte-skola-generace-1024x595-1-300x174.jpg 300w, https:\/\/www.montessoriostrava.cz\/ms\/wp-content\/uploads\/sites\/4\/2025\/01\/monte-skola-generace-1024x595-1-768x446.jpg 768w\" sizes=\"auto, (max-width: 1024px) 100vw, 1024px\" \/><div class=\"wp-block-cover__inner-container is-layout-constrained wp-block-cover-is-layout-constrained\">\n<p class=\"has-text-align-center\">M\u00e1m d\u00edt\u011b v Montessori \u0161kole a dost \u010dasto o tom vedu se sv\u00fdmi p\u0159\u00e1teli diskuse, proto\u017ee jsme jin\u00ed, \u0159\u00edk\u00e1 jedna maminka druh\u00e9. Ptaj\u00ed se m\u011b: Nep\u0159et\u011b\u017eujete jej u\u017e od \u0161kolky? V\u017edy\u0165 u\u017e ve 4 letech za\u010d\u00edn\u00e1 \u010d\u00edst. Nem\u011blo by si sp\u00ed\u0161e hr\u00e1t ne\u017e po\u0159\u00e1d pracovat?<\/p>\n<\/div><\/div>\n\n\n\n<h2 class=\"wp-block-heading\">Kdy\u017e u\u010den\u00ed bol\u00ed<\/h2>\n\n\n\n<p>To co vyvol\u00e1v\u00e1 tuto nejistotu a ot\u00e1zky m\u00e1 spole\u010dn\u00e9ho jmenovatele \u2013 v\u0161eobecn\u011b se lid\u00e9 domn\u00edvaj\u00ed, \u017ee&nbsp;u\u010den\u00ed je nep\u0159\u00edjemn\u00e9 a pro d\u00edt\u011b stresuj\u00edc\u00ed. Zkr\u00e1tka, \u017ee u\u010den\u00ed bol\u00ed. A mysl\u00edme si to proto, \u017ee&nbsp;pro n\u00e1s u\u010den\u00ed p\u0159\u00edjemn\u00e9 nebylo.&nbsp;<strong>Jen si zavzpom\u00ednejte na sv\u00e1 \u0161koln\u00ed l\u00e9ta.<\/strong><\/p>\n\n\n\n<p>Rodi\u010de \u010dasto \u0159\u00edkaj\u00ed<em>, kdy\u017e jsem klasickou \u0161kolu p\u0159e\u017eil j\u00e1 a dnes jsem \u00fasp\u011b\u0161n\u00fd<\/em>,&nbsp;<em>pro\u010d by i moje d\u00edt\u011b nemohlo chodit do stejn\u00e9 \u0161koly.&nbsp;<\/em>Takov\u00ed lid\u00e9 pak nikdy nebudou uva\u017eovat o zm\u011bn\u011b vzd\u011bl\u00e1vac\u00edho syst\u00e9mu. Prohl\u00e1\u0161en\u00ed typu:&nbsp;<em>Kdy\u017e m\u011b to nezabilo, tak tebe tak\u00e9 ne<\/em>&nbsp;nebo&nbsp;<em>J\u00e1 jsem tohle nem\u011bl, tak pro\u010d by to jin\u00fd m\u011bl m\u00edt, ale maj\u00ed sv\u00e1 nebezpe\u010d\u00ed. Jen\u017ee&nbsp;<\/em>lid\u00e9 maj\u00ed pot\u0159ebu n\u011bkam zapadnout, nevy\u010dle\u0148ovat. Cht\u011bj\u00ed, aby druz\u00ed p\u0159em\u00fd\u0161leli podobn\u00fdm zp\u016fsobem, jako to maj\u00ed sami.<\/p>\n\n\n\n<h2 class=\"wp-block-heading\">Zp\u00e1tky do minulosti, nebo jak to v\u0161echno za\u010dalo<\/h2>\n\n\n\n<p>V&nbsp;dob\u00e1ch po\u010d\u00e1tk\u016f hospod\u00e1\u0159sk\u00e9 revoluce a vysok\u00e9 negramotnosti m\u011blo \u0161kolstv\u00ed vysok\u00fd z\u00e1jem na tom, aby se z&nbsp;obyvatel stali potenci\u00e1ln\u00ed d\u011bln\u00edci se znalostmi pot\u0159ebn\u00fdmi k&nbsp;vykon\u00e1v\u00e1n\u00ed sv\u00e9 pr\u00e1ce. Ta byla jasn\u011b definov\u00e1na \u2013 bez n\u00e1rok\u016f na kreativitu a&nbsp;inovaci, \u010dasto jen manu\u00e1ln\u00ed \u010dinnost. Znalost\u00ed bylo m\u00e1lo a \u0161koly byly m\u00edstem, kter\u00e9 je nab\u00edzely. Z\u00e1sob\u00e1rnami v\u011bd\u011bn\u00ed v&nbsp;t\u00e9 dob\u011b byli u\u010ditel\u00e9, p\u0159\u00edpadn\u011b knihy a&nbsp;encyklopedie. \u0160kola nab\u00edzela to, co bylo jinak t\u011b\u017eko dostupn\u00e9.&nbsp;Ale dnes tomu tak nen\u00ed.<\/p>\n\n\n\n<p><strong>Informac\u00ed je na ka\u017ed\u00e9m kroku spousta.<\/strong>&nbsp;Od encyklopedi\u00ed, telefonu, televize, r\u00e1dia, internetu .I kdy\u017e se \u0161kolsk\u00fd syst\u00e9m zna\u010dn\u011b prom\u011bnil, \u0159ada metod, o tom, jak poznatky p\u0159edat se nezm\u011bnila. Stejn\u011b tak jako \u00faloha \u0161koly. Hlavn\u00ed, co \u0161koly nab\u00edzej\u00ed, je ale st\u00e1le p\u0159ed\u00e1n\u00ed poznatk\u016f z&nbsp;ur\u010dit\u00fdch v\u011bdn\u00edch obor\u016f, je\u017e byly z\u00edsk\u00e1ny n\u011bkdy d\u0159\u00edve n\u011bk\u00fdm jin\u00fdm, tzv. form\u00e1ln\u00edch poznatk\u016f. Potom se u\u010d\u00edme hotov\u00e1 fakta, bez procesu pozn\u00e1n\u00ed. Tak\u017ee to nakonec dopadne tak, jak \u0159\u00edk\u00e1 B. F. Skinner:<\/p>\n\n\n\n<p><strong><em>\u201eVzd\u011bl\u00e1n\u00ed je to, co z\u016fstane, kdy\u017e je v\u0161e, co bylo nau\u010deno, zapomenuto.\u201c<\/em><\/strong><\/p>\n\n\n\n<h2 class=\"wp-block-heading\">Opravdu n\u00e1m k&nbsp;\u00fasp\u011bchu ve spole\u010dnosti pom\u016f\u017ee \u201ekus pap\u00edru\u201c \u2013 tzv. vysv\u011bd\u010den\u00ed nebo diplom?<\/h2>\n\n\n\n<p>To, co je d\u00edt\u011b p\u0159irozen\u00e9 je zv\u00eddavost, touha objevovat, zkoumat, v\u011bci vy\u0159e\u0161it. Lid\u00e9 se od nepam\u011bti rozv\u00edj\u00ed skrze Z\u00c1JEM, tj.&nbsp;<strong><em>co se stane kdy\u017e.<\/em><\/strong>&nbsp;Je to b\u011b\u017en\u00fd proces v\u00fdvoje, p\u0159irozen\u00e1 cesta. A&nbsp;tento proces m\u016f\u017eeme ve \u0161kole p\u0159ibrzdit t\u00edm, \u017ee potla\u010d\u00edme z\u00e1jem d\u00edt\u011bte a vnut\u00edme mu z\u00e1jem n\u00e1\u0161. Bude\u0161 d\u011blat to, co chci j\u00e1, j\u00e1 jako autorita a j\u00e1 jako u\u010ditel. V\u017edy\u0165 tak se to d\u011bl\u00e1 ji\u017e X let. Jen\u017ee ona vnit\u0159n\u00ed motivace je pr\u00e1v\u011b t\u00edm plamenem \u017eenouc\u00edm n\u00e1s za pozn\u00e1n\u00edm a&nbsp;t\u00edm, co d\u011bl\u00e1 z&nbsp;procesu u\u010den\u00ed jednoduchou, p\u0159irozenou a&nbsp;efektivn\u00ed \u010dinnost.<\/p>\n\n\n\n<p>Nedostatek vnit\u0159n\u00ed motivace se bohu\u017eel tradi\u010dn\u00ed \u0161kola sna\u017e\u00ed vyrovnat motivac\u00ed vn\u011bj\u0161\u00ed, a to skrze syst\u00e9m zn\u00e1mek a&nbsp;hodnocen\u00ed. To ov\u0161em ve sv\u00e9m principu na na\u0161i psychiku p\u016fsob\u00ed jako mal\u00e9 \u00faplatky, abychom d\u011blali to, co vlastn\u011b d\u011blat nechceme a&nbsp;co bychom jinak v\u016fbec ned\u011blali.&nbsp;Fakt, \u017ee tento p\u0159\u00edstup d\u0159\u00edve produkoval pom\u011brn\u011b dobr\u00e9 v\u00fdsledky, nen\u00ed relevantn\u00ed pro sou\u010dasn\u00fd sv\u011bt. Nebo m\u00e1te jin\u00fd n\u00e1zor?<\/p>\n\n\n\n<h2 class=\"wp-block-heading\">Co je smyslem dne\u0161n\u00ed \u0161koly?<\/h2>\n\n\n\n<div class=\"wp-block-columns is-layout-flex wp-container-core-columns-is-layout-9d6595d7 wp-block-columns-is-layout-flex\">\n<div class=\"wp-block-column is-layout-flow wp-block-column-is-layout-flow\" style=\"flex-basis:66.66%\">\n<p>\u0160koly by v\u00edce ne\u017e znalosti m\u011bly poskytovat oporu a&nbsp;veden\u00ed, p\u0159ed\u00e1n\u00ed zku\u0161enost\u00ed ne\u017e nau\u010den\u00fdch znalost\u00ed. Informac\u00ed je dnes tolik, \u017ee se v&nbsp;nich i vzd\u011blan\u00fd \u010dlov\u011bk snadno ztrat\u00ed. Hlavn\u00edm \u00fakolem dne\u0161n\u00ed \u0161koly by m\u011blo b\u00fdt tomu zabr\u00e1nit a&nbsp;pomoci ka\u017ed\u00e9mu jedinci naj\u00edt spr\u00e1vnou cestu. P\u0159edkl\u00e1dat pouze fakta nesta\u010d\u00ed.&nbsp;<strong>Dne\u0161n\u00ed d\u011bti pot\u0159ebuj\u00ed, aby jim bylo umo\u017en\u011bno naj\u00edt sebe sama, uv\u011bdomit, kdo jsem, co um\u00edm, co dok\u00e1\u017eu, kam pat\u0159\u00edm, kam sm\u011b\u0159uji, aj. zkr\u00e1tka zformovat na\u0161i osobnost tak, abychom dok\u00e1zali v&nbsp;t\u00e9to spole\u010dnosti usp\u011bt.<\/strong><\/p>\n\n\n\n<h2 class=\"wp-block-heading\">A co je v\u00fdsledkem?<\/h2>\n\n\n\n<p>To nejd\u016fle\u017eit\u011bj\u0161\u00ed, co m\u016f\u017eeme od \u0161koly z\u00edskat, je kritick\u00e9 a z\u00e1rove\u0148 kreativn\u00ed my\u0161len\u00ed. Schopnost hledat nov\u00e9 cesty a&nbsp;nov\u00e1 \u0159e\u0161en\u00ed probl\u00e9m\u016f, je\u017e na n\u00e1s v&nbsp;\u017eivot\u011b dne\u0161n\u00ed doby \u010dekaj\u00ed. Bezduch\u00e9 u\u010den\u00ed l\u00e1tky, je\u017e se v&nbsp;mnoha p\u0159edm\u011btech za posledn\u00edch n\u011bkolik desetilet\u00ed v&nbsp;podstat\u011b nezm\u011bnila, n\u00e1m v&nbsp;t\u00e9to v\u00fdzv\u011b t\u011b\u017eko pom\u016f\u017ee. To, k&nbsp;\u010demu by n\u00e1s \u0161kola v\u00e9st je p\u0159edev\u0161\u00edm k&nbsp;samostatn\u00e9mu my\u0161len\u00ed a k flexibilit\u011b.&nbsp;<strong>A&nbsp;pr\u00e1v\u011b tady je cesta, kterou sm\u011b\u0159uj\u00ed \u0161koly s&nbsp;alternativn\u00edmi prvky.<\/strong><\/p>\n<\/div>\n\n\n\n<div class=\"wp-block-column is-layout-flow wp-block-column-is-layout-flow\" style=\"flex-basis:33.33%\">\n<figure class=\"wp-block-image size-full\"><img loading=\"lazy\" decoding=\"async\" width=\"632\" height=\"307\" src=\"https:\/\/www.montessoriostrava.cz\/ms\/wp-content\/uploads\/sites\/4\/2025\/01\/spatne-vysvedcei-psychika-skola.jpg\" alt=\"Kdy\u017e jsem \u0161kolu p\u0159e\u017eila j\u00e1, zvl\u00e1dne to i m\u00e9 d\u00edt\u011b\" class=\"wp-image-612\" srcset=\"https:\/\/www.montessoriostrava.cz\/ms\/wp-content\/uploads\/sites\/4\/2025\/01\/spatne-vysvedcei-psychika-skola.jpg 632w, https:\/\/www.montessoriostrava.cz\/ms\/wp-content\/uploads\/sites\/4\/2025\/01\/spatne-vysvedcei-psychika-skola-300x146.jpg 300w\" sizes=\"auto, (max-width: 632px) 100vw, 632px\" \/><\/figure>\n<\/div>\n<\/div>\n\n\n\n<p><\/p>\n","protected":false},"excerpt":{"rendered":"<p>Kdy\u017e u\u010den\u00ed bol\u00ed To co vyvol\u00e1v\u00e1 tuto nejistotu a ot\u00e1zky m\u00e1 spole\u010dn\u00e9ho jmenovatele \u2013 v\u0161eobecn\u011b se lid\u00e9 domn\u00edvaj\u00ed, \u017ee&nbsp;u\u010den\u00ed je nep\u0159\u00edjemn\u00e9 a pro d\u00edt\u011b stresuj\u00edc\u00ed. Zkr\u00e1tka, \u017ee u\u010den\u00ed bol\u00ed. A mysl\u00edme si to proto, \u017ee&nbsp;pro n\u00e1s u\u010den\u00ed p\u0159\u00edjemn\u00e9 nebylo.&nbsp;Jen si zavzpom\u00ednejte na sv\u00e1 \u0161koln\u00ed l\u00e9ta. Rodi\u010de \u010dasto \u0159\u00edkaj\u00ed, kdy\u017e jsem klasickou \u0161kolu p\u0159e\u017eil j\u00e1 a [&hellip;]<\/p>\n","protected":false},"author":3,"featured_media":0,"comment_status":"closed","ping_status":"closed","sticky":false,"template":"","format":"standard","meta":{"footnotes":""},"categories":[1],"tags":[],"class_list":["post-610","post","type-post","status-publish","format-standard","hentry","category-nezarazene"],"acf":[],"yoast_head":"<!-- This site is optimized with the Yoast SEO plugin v27.5 - https:\/\/yoast.com\/product\/yoast-seo-wordpress\/ -->\n<title>Kdy\u017e jsem \u0161kolu p\u0159e\u017eila j\u00e1, zvl\u00e1dne to i m\u00e9 d\u00edt\u011b | M\u0160 Montessori Ostrava<\/title>\n<meta name=\"description\" content=\"Aktuality z mate\u0159sk\u00e9 \u0161koly Montessori Ostrava si m\u016f\u017eete p\u0159e\u010d\u00edst u n\u00e1s na webu. P\u0159e\u010dt\u011bte si nap\u0159. novinku na t\u00e9ma Kdy\u017e jsem \u0161kolu p\u0159e\u017eila j\u00e1, zvl\u00e1dne to i m\u00e9 d\u00edt\u011b.\" \/>\n<meta name=\"robots\" content=\"index, follow, max-snippet:-1, max-image-preview:large, max-video-preview:-1\" \/>\n<link rel=\"canonical\" href=\"https:\/\/www.montessoriostrava.cz\/ms\/kdyz-jsem-skolu-prezila-ja-zvladne-to-i-me-dite\/\" \/>\n<meta property=\"og:locale\" content=\"cs_CZ\" \/>\n<meta property=\"og:type\" content=\"article\" \/>\n<meta property=\"og:title\" content=\"Kdy\u017e jsem \u0161kolu p\u0159e\u017eila j\u00e1, zvl\u00e1dne to i m\u00e9 d\u00edt\u011b | M\u0160 Montessori Ostrava\" \/>\n<meta property=\"og:description\" content=\"Aktuality z mate\u0159sk\u00e9 \u0161koly Montessori Ostrava si m\u016f\u017eete p\u0159e\u010d\u00edst u n\u00e1s na webu. P\u0159e\u010dt\u011bte si nap\u0159. novinku na t\u00e9ma Kdy\u017e jsem \u0161kolu p\u0159e\u017eila j\u00e1, zvl\u00e1dne to i m\u00e9 d\u00edt\u011b.\" \/>\n<meta property=\"og:url\" content=\"https:\/\/www.montessoriostrava.cz\/ms\/kdyz-jsem-skolu-prezila-ja-zvladne-to-i-me-dite\/\" \/>\n<meta property=\"og:site_name\" content=\"M\u0160 Montessori Ostrava\" \/>\n<meta property=\"article:published_time\" content=\"2018-06-28T08:11:00+00:00\" \/>\n<meta property=\"article:modified_time\" content=\"2025-02-06T07:56:02+00:00\" \/>\n<meta property=\"og:image\" content=\"https:\/\/www.montessoriostrava.cz\/ms\/wp-content\/uploads\/sites\/4\/2025\/01\/monte-skola-generace-1024x595-1.jpg\" \/>\n\t<meta property=\"og:image:width\" content=\"1024\" \/>\n\t<meta property=\"og:image:height\" content=\"595\" \/>\n\t<meta property=\"og:image:type\" content=\"image\/jpeg\" \/>\n<meta name=\"author\" content=\"radanjunger\" \/>\n<meta name=\"twitter:card\" content=\"summary_large_image\" \/>\n<meta name=\"twitter:label1\" content=\"Napsal(a)\" \/>\n\t<meta name=\"twitter:data1\" content=\"radanjunger\" \/>\n\t<meta name=\"twitter:label2\" content=\"Odhadovan\u00e1 doba \u010dten\u00ed\" \/>\n\t<meta name=\"twitter:data2\" content=\"5 minut\" \/>\n<script type=\"application\/ld+json\" class=\"yoast-schema-graph\">{\"@context\":\"https:\\\/\\\/schema.org\",\"@graph\":[{\"@type\":\"Article\",\"@id\":\"https:\\\/\\\/www.montessoriostrava.cz\\\/ms\\\/kdyz-jsem-skolu-prezila-ja-zvladne-to-i-me-dite\\\/#article\",\"isPartOf\":{\"@id\":\"https:\\\/\\\/www.montessoriostrava.cz\\\/ms\\\/kdyz-jsem-skolu-prezila-ja-zvladne-to-i-me-dite\\\/\"},\"author\":{\"name\":\"radanjunger\",\"@id\":\"https:\\\/\\\/www.montessoriostrava.cz\\\/ms\\\/#\\\/schema\\\/person\\\/5dc0051888ae972ef0c403e95bd94ab2\"},\"headline\":\"Kdy\u017e jsem \u0161kolu p\u0159e\u017eila j\u00e1, zvl\u00e1dne to i m\u00e9 d\u00edt\u011b\",\"datePublished\":\"2018-06-28T08:11:00+00:00\",\"dateModified\":\"2025-02-06T07:56:02+00:00\",\"mainEntityOfPage\":{\"@id\":\"https:\\\/\\\/www.montessoriostrava.cz\\\/ms\\\/kdyz-jsem-skolu-prezila-ja-zvladne-to-i-me-dite\\\/\"},\"wordCount\":984,\"publisher\":{\"@id\":\"https:\\\/\\\/www.montessoriostrava.cz\\\/ms\\\/#organization\"},\"image\":{\"@id\":\"https:\\\/\\\/www.montessoriostrava.cz\\\/ms\\\/kdyz-jsem-skolu-prezila-ja-zvladne-to-i-me-dite\\\/#primaryimage\"},\"thumbnailUrl\":\"https:\\\/\\\/www.montessoriostrava.cz\\\/ms\\\/wp-content\\\/uploads\\\/sites\\\/4\\\/2025\\\/01\\\/monte-skola-generace-1024x595-1.jpg\",\"inLanguage\":\"cs\"},{\"@type\":\"WebPage\",\"@id\":\"https:\\\/\\\/www.montessoriostrava.cz\\\/ms\\\/kdyz-jsem-skolu-prezila-ja-zvladne-to-i-me-dite\\\/\",\"url\":\"https:\\\/\\\/www.montessoriostrava.cz\\\/ms\\\/kdyz-jsem-skolu-prezila-ja-zvladne-to-i-me-dite\\\/\",\"name\":\"Kdy\u017e jsem \u0161kolu p\u0159e\u017eila j\u00e1, zvl\u00e1dne to i m\u00e9 d\u00edt\u011b | M\u0160 Montessori Ostrava\",\"isPartOf\":{\"@id\":\"https:\\\/\\\/www.montessoriostrava.cz\\\/ms\\\/#website\"},\"primaryImageOfPage\":{\"@id\":\"https:\\\/\\\/www.montessoriostrava.cz\\\/ms\\\/kdyz-jsem-skolu-prezila-ja-zvladne-to-i-me-dite\\\/#primaryimage\"},\"image\":{\"@id\":\"https:\\\/\\\/www.montessoriostrava.cz\\\/ms\\\/kdyz-jsem-skolu-prezila-ja-zvladne-to-i-me-dite\\\/#primaryimage\"},\"thumbnailUrl\":\"https:\\\/\\\/www.montessoriostrava.cz\\\/ms\\\/wp-content\\\/uploads\\\/sites\\\/4\\\/2025\\\/01\\\/monte-skola-generace-1024x595-1.jpg\",\"datePublished\":\"2018-06-28T08:11:00+00:00\",\"dateModified\":\"2025-02-06T07:56:02+00:00\",\"description\":\"Aktuality z mate\u0159sk\u00e9 \u0161koly Montessori Ostrava si m\u016f\u017eete p\u0159e\u010d\u00edst u n\u00e1s na webu. P\u0159e\u010dt\u011bte si nap\u0159. novinku na t\u00e9ma Kdy\u017e jsem \u0161kolu p\u0159e\u017eila j\u00e1, zvl\u00e1dne to i m\u00e9 d\u00edt\u011b.\",\"breadcrumb\":{\"@id\":\"https:\\\/\\\/www.montessoriostrava.cz\\\/ms\\\/kdyz-jsem-skolu-prezila-ja-zvladne-to-i-me-dite\\\/#breadcrumb\"},\"inLanguage\":\"cs\",\"potentialAction\":[{\"@type\":\"ReadAction\",\"target\":[\"https:\\\/\\\/www.montessoriostrava.cz\\\/ms\\\/kdyz-jsem-skolu-prezila-ja-zvladne-to-i-me-dite\\\/\"]}]},{\"@type\":\"ImageObject\",\"inLanguage\":\"cs\",\"@id\":\"https:\\\/\\\/www.montessoriostrava.cz\\\/ms\\\/kdyz-jsem-skolu-prezila-ja-zvladne-to-i-me-dite\\\/#primaryimage\",\"url\":\"https:\\\/\\\/www.montessoriostrava.cz\\\/ms\\\/wp-content\\\/uploads\\\/sites\\\/4\\\/2025\\\/01\\\/monte-skola-generace-1024x595-1.jpg\",\"contentUrl\":\"https:\\\/\\\/www.montessoriostrava.cz\\\/ms\\\/wp-content\\\/uploads\\\/sites\\\/4\\\/2025\\\/01\\\/monte-skola-generace-1024x595-1.jpg\",\"width\":1024,\"height\":595},{\"@type\":\"BreadcrumbList\",\"@id\":\"https:\\\/\\\/www.montessoriostrava.cz\\\/ms\\\/kdyz-jsem-skolu-prezila-ja-zvladne-to-i-me-dite\\\/#breadcrumb\",\"itemListElement\":[{\"@type\":\"ListItem\",\"position\":1,\"name\":\"Dom\u016f\",\"item\":\"https:\\\/\\\/www.montessoriostrava.cz\\\/ms\\\/\"},{\"@type\":\"ListItem\",\"position\":2,\"name\":\"Kdy\u017e jsem \u0161kolu p\u0159e\u017eila j\u00e1, zvl\u00e1dne to i m\u00e9 d\u00edt\u011b\"}]},{\"@type\":\"WebSite\",\"@id\":\"https:\\\/\\\/www.montessoriostrava.cz\\\/ms\\\/#website\",\"url\":\"https:\\\/\\\/www.montessoriostrava.cz\\\/ms\\\/\",\"name\":\"M\u0160 Montessori Ostrava\",\"description\":\"\",\"publisher\":{\"@id\":\"https:\\\/\\\/www.montessoriostrava.cz\\\/ms\\\/#organization\"},\"potentialAction\":[{\"@type\":\"SearchAction\",\"target\":{\"@type\":\"EntryPoint\",\"urlTemplate\":\"https:\\\/\\\/www.montessoriostrava.cz\\\/ms\\\/?s={search_term_string}\"},\"query-input\":{\"@type\":\"PropertyValueSpecification\",\"valueRequired\":true,\"valueName\":\"search_term_string\"}}],\"inLanguage\":\"cs\"},{\"@type\":\"Organization\",\"@id\":\"https:\\\/\\\/www.montessoriostrava.cz\\\/ms\\\/#organization\",\"name\":\"Montessori Ostrava\",\"url\":\"https:\\\/\\\/www.montessoriostrava.cz\\\/ms\\\/\",\"logo\":{\"@type\":\"ImageObject\",\"inLanguage\":\"cs\",\"@id\":\"https:\\\/\\\/www.montessoriostrava.cz\\\/ms\\\/#\\\/schema\\\/logo\\\/image\\\/\",\"url\":\"https:\\\/\\\/www.montessoriostrava.cz\\\/ms\\\/wp-content\\\/uploads\\\/sites\\\/4\\\/2025\\\/01\\\/logo-montessori.png\",\"contentUrl\":\"https:\\\/\\\/www.montessoriostrava.cz\\\/ms\\\/wp-content\\\/uploads\\\/sites\\\/4\\\/2025\\\/01\\\/logo-montessori.png\",\"width\":1794,\"height\":527,\"caption\":\"Montessori Ostrava\"},\"image\":{\"@id\":\"https:\\\/\\\/www.montessoriostrava.cz\\\/ms\\\/#\\\/schema\\\/logo\\\/image\\\/\"}},{\"@type\":\"Person\",\"@id\":\"https:\\\/\\\/www.montessoriostrava.cz\\\/ms\\\/#\\\/schema\\\/person\\\/5dc0051888ae972ef0c403e95bd94ab2\",\"name\":\"radanjunger\",\"image\":{\"@type\":\"ImageObject\",\"inLanguage\":\"cs\",\"@id\":\"https:\\\/\\\/secure.gravatar.com\\\/avatar\\\/ea9105630782250b5f04ba9be1c580ace99b35751175b96ec0111f0f8ab7c5df?s=96&d=mm&r=g\",\"url\":\"https:\\\/\\\/secure.gravatar.com\\\/avatar\\\/ea9105630782250b5f04ba9be1c580ace99b35751175b96ec0111f0f8ab7c5df?s=96&d=mm&r=g\",\"contentUrl\":\"https:\\\/\\\/secure.gravatar.com\\\/avatar\\\/ea9105630782250b5f04ba9be1c580ace99b35751175b96ec0111f0f8ab7c5df?s=96&d=mm&r=g\",\"caption\":\"radanjunger\"}}]}<\/script>\n<!-- \/ Yoast SEO plugin. -->","yoast_head_json":{"title":"Kdy\u017e jsem \u0161kolu p\u0159e\u017eila j\u00e1, zvl\u00e1dne to i m\u00e9 d\u00edt\u011b | M\u0160 Montessori Ostrava","description":"Aktuality z mate\u0159sk\u00e9 \u0161koly Montessori Ostrava si m\u016f\u017eete p\u0159e\u010d\u00edst u n\u00e1s na webu. P\u0159e\u010dt\u011bte si nap\u0159. novinku na t\u00e9ma Kdy\u017e jsem \u0161kolu p\u0159e\u017eila j\u00e1, zvl\u00e1dne to i m\u00e9 d\u00edt\u011b.","robots":{"index":"index","follow":"follow","max-snippet":"max-snippet:-1","max-image-preview":"max-image-preview:large","max-video-preview":"max-video-preview:-1"},"canonical":"https:\/\/www.montessoriostrava.cz\/ms\/kdyz-jsem-skolu-prezila-ja-zvladne-to-i-me-dite\/","og_locale":"cs_CZ","og_type":"article","og_title":"Kdy\u017e jsem \u0161kolu p\u0159e\u017eila j\u00e1, zvl\u00e1dne to i m\u00e9 d\u00edt\u011b | M\u0160 Montessori Ostrava","og_description":"Aktuality z mate\u0159sk\u00e9 \u0161koly Montessori Ostrava si m\u016f\u017eete p\u0159e\u010d\u00edst u n\u00e1s na webu. P\u0159e\u010dt\u011bte si nap\u0159. novinku na t\u00e9ma Kdy\u017e jsem \u0161kolu p\u0159e\u017eila j\u00e1, zvl\u00e1dne to i m\u00e9 d\u00edt\u011b.","og_url":"https:\/\/www.montessoriostrava.cz\/ms\/kdyz-jsem-skolu-prezila-ja-zvladne-to-i-me-dite\/","og_site_name":"M\u0160 Montessori Ostrava","article_published_time":"2018-06-28T08:11:00+00:00","article_modified_time":"2025-02-06T07:56:02+00:00","og_image":[{"width":1024,"height":595,"url":"https:\/\/www.montessoriostrava.cz\/ms\/wp-content\/uploads\/sites\/4\/2025\/01\/monte-skola-generace-1024x595-1.jpg","type":"image\/jpeg"}],"author":"radanjunger","twitter_card":"summary_large_image","twitter_misc":{"Napsal(a)":"radanjunger","Odhadovan\u00e1 doba \u010dten\u00ed":"5 minut"},"schema":{"@context":"https:\/\/schema.org","@graph":[{"@type":"Article","@id":"https:\/\/www.montessoriostrava.cz\/ms\/kdyz-jsem-skolu-prezila-ja-zvladne-to-i-me-dite\/#article","isPartOf":{"@id":"https:\/\/www.montessoriostrava.cz\/ms\/kdyz-jsem-skolu-prezila-ja-zvladne-to-i-me-dite\/"},"author":{"name":"radanjunger","@id":"https:\/\/www.montessoriostrava.cz\/ms\/#\/schema\/person\/5dc0051888ae972ef0c403e95bd94ab2"},"headline":"Kdy\u017e jsem \u0161kolu p\u0159e\u017eila j\u00e1, zvl\u00e1dne to i m\u00e9 d\u00edt\u011b","datePublished":"2018-06-28T08:11:00+00:00","dateModified":"2025-02-06T07:56:02+00:00","mainEntityOfPage":{"@id":"https:\/\/www.montessoriostrava.cz\/ms\/kdyz-jsem-skolu-prezila-ja-zvladne-to-i-me-dite\/"},"wordCount":984,"publisher":{"@id":"https:\/\/www.montessoriostrava.cz\/ms\/#organization"},"image":{"@id":"https:\/\/www.montessoriostrava.cz\/ms\/kdyz-jsem-skolu-prezila-ja-zvladne-to-i-me-dite\/#primaryimage"},"thumbnailUrl":"https:\/\/www.montessoriostrava.cz\/ms\/wp-content\/uploads\/sites\/4\/2025\/01\/monte-skola-generace-1024x595-1.jpg","inLanguage":"cs"},{"@type":"WebPage","@id":"https:\/\/www.montessoriostrava.cz\/ms\/kdyz-jsem-skolu-prezila-ja-zvladne-to-i-me-dite\/","url":"https:\/\/www.montessoriostrava.cz\/ms\/kdyz-jsem-skolu-prezila-ja-zvladne-to-i-me-dite\/","name":"Kdy\u017e jsem \u0161kolu p\u0159e\u017eila j\u00e1, zvl\u00e1dne to i m\u00e9 d\u00edt\u011b | M\u0160 Montessori Ostrava","isPartOf":{"@id":"https:\/\/www.montessoriostrava.cz\/ms\/#website"},"primaryImageOfPage":{"@id":"https:\/\/www.montessoriostrava.cz\/ms\/kdyz-jsem-skolu-prezila-ja-zvladne-to-i-me-dite\/#primaryimage"},"image":{"@id":"https:\/\/www.montessoriostrava.cz\/ms\/kdyz-jsem-skolu-prezila-ja-zvladne-to-i-me-dite\/#primaryimage"},"thumbnailUrl":"https:\/\/www.montessoriostrava.cz\/ms\/wp-content\/uploads\/sites\/4\/2025\/01\/monte-skola-generace-1024x595-1.jpg","datePublished":"2018-06-28T08:11:00+00:00","dateModified":"2025-02-06T07:56:02+00:00","description":"Aktuality z mate\u0159sk\u00e9 \u0161koly Montessori Ostrava si m\u016f\u017eete p\u0159e\u010d\u00edst u n\u00e1s na webu. P\u0159e\u010dt\u011bte si nap\u0159. novinku na t\u00e9ma Kdy\u017e jsem \u0161kolu p\u0159e\u017eila j\u00e1, zvl\u00e1dne to i m\u00e9 d\u00edt\u011b.","breadcrumb":{"@id":"https:\/\/www.montessoriostrava.cz\/ms\/kdyz-jsem-skolu-prezila-ja-zvladne-to-i-me-dite\/#breadcrumb"},"inLanguage":"cs","potentialAction":[{"@type":"ReadAction","target":["https:\/\/www.montessoriostrava.cz\/ms\/kdyz-jsem-skolu-prezila-ja-zvladne-to-i-me-dite\/"]}]},{"@type":"ImageObject","inLanguage":"cs","@id":"https:\/\/www.montessoriostrava.cz\/ms\/kdyz-jsem-skolu-prezila-ja-zvladne-to-i-me-dite\/#primaryimage","url":"https:\/\/www.montessoriostrava.cz\/ms\/wp-content\/uploads\/sites\/4\/2025\/01\/monte-skola-generace-1024x595-1.jpg","contentUrl":"https:\/\/www.montessoriostrava.cz\/ms\/wp-content\/uploads\/sites\/4\/2025\/01\/monte-skola-generace-1024x595-1.jpg","width":1024,"height":595},{"@type":"BreadcrumbList","@id":"https:\/\/www.montessoriostrava.cz\/ms\/kdyz-jsem-skolu-prezila-ja-zvladne-to-i-me-dite\/#breadcrumb","itemListElement":[{"@type":"ListItem","position":1,"name":"Dom\u016f","item":"https:\/\/www.montessoriostrava.cz\/ms\/"},{"@type":"ListItem","position":2,"name":"Kdy\u017e jsem \u0161kolu p\u0159e\u017eila j\u00e1, zvl\u00e1dne to i m\u00e9 d\u00edt\u011b"}]},{"@type":"WebSite","@id":"https:\/\/www.montessoriostrava.cz\/ms\/#website","url":"https:\/\/www.montessoriostrava.cz\/ms\/","name":"M\u0160 Montessori Ostrava","description":"","publisher":{"@id":"https:\/\/www.montessoriostrava.cz\/ms\/#organization"},"potentialAction":[{"@type":"SearchAction","target":{"@type":"EntryPoint","urlTemplate":"https:\/\/www.montessoriostrava.cz\/ms\/?s={search_term_string}"},"query-input":{"@type":"PropertyValueSpecification","valueRequired":true,"valueName":"search_term_string"}}],"inLanguage":"cs"},{"@type":"Organization","@id":"https:\/\/www.montessoriostrava.cz\/ms\/#organization","name":"Montessori Ostrava","url":"https:\/\/www.montessoriostrava.cz\/ms\/","logo":{"@type":"ImageObject","inLanguage":"cs","@id":"https:\/\/www.montessoriostrava.cz\/ms\/#\/schema\/logo\/image\/","url":"https:\/\/www.montessoriostrava.cz\/ms\/wp-content\/uploads\/sites\/4\/2025\/01\/logo-montessori.png","contentUrl":"https:\/\/www.montessoriostrava.cz\/ms\/wp-content\/uploads\/sites\/4\/2025\/01\/logo-montessori.png","width":1794,"height":527,"caption":"Montessori Ostrava"},"image":{"@id":"https:\/\/www.montessoriostrava.cz\/ms\/#\/schema\/logo\/image\/"}},{"@type":"Person","@id":"https:\/\/www.montessoriostrava.cz\/ms\/#\/schema\/person\/5dc0051888ae972ef0c403e95bd94ab2","name":"radanjunger","image":{"@type":"ImageObject","inLanguage":"cs","@id":"https:\/\/secure.gravatar.com\/avatar\/ea9105630782250b5f04ba9be1c580ace99b35751175b96ec0111f0f8ab7c5df?s=96&d=mm&r=g","url":"https:\/\/secure.gravatar.com\/avatar\/ea9105630782250b5f04ba9be1c580ace99b35751175b96ec0111f0f8ab7c5df?s=96&d=mm&r=g","contentUrl":"https:\/\/secure.gravatar.com\/avatar\/ea9105630782250b5f04ba9be1c580ace99b35751175b96ec0111f0f8ab7c5df?s=96&d=mm&r=g","caption":"radanjunger"}}]}},"_links":{"self":[{"href":"https:\/\/www.montessoriostrava.cz\/ms\/wp-json\/wp\/v2\/posts\/610","targetHints":{"allow":["GET"]}}],"collection":[{"href":"https:\/\/www.montessoriostrava.cz\/ms\/wp-json\/wp\/v2\/posts"}],"about":[{"href":"https:\/\/www.montessoriostrava.cz\/ms\/wp-json\/wp\/v2\/types\/post"}],"author":[{"embeddable":true,"href":"https:\/\/www.montessoriostrava.cz\/ms\/wp-json\/wp\/v2\/users\/3"}],"replies":[{"embeddable":true,"href":"https:\/\/www.montessoriostrava.cz\/ms\/wp-json\/wp\/v2\/comments?post=610"}],"version-history":[{"count":5,"href":"https:\/\/www.montessoriostrava.cz\/ms\/wp-json\/wp\/v2\/posts\/610\/revisions"}],"predecessor-version":[{"id":1112,"href":"https:\/\/www.montessoriostrava.cz\/ms\/wp-json\/wp\/v2\/posts\/610\/revisions\/1112"}],"wp:attachment":[{"href":"https:\/\/www.montessoriostrava.cz\/ms\/wp-json\/wp\/v2\/media?parent=610"}],"wp:term":[{"taxonomy":"category","embeddable":true,"href":"https:\/\/www.montessoriostrava.cz\/ms\/wp-json\/wp\/v2\/categories?post=610"},{"taxonomy":"post_tag","embeddable":true,"href":"https:\/\/www.montessoriostrava.cz\/ms\/wp-json\/wp\/v2\/tags?post=610"}],"curies":[{"name":"wp","href":"https:\/\/api.w.org\/{rel}","templated":true}]}}