{"id":636,"date":"2017-12-08T10:28:00","date_gmt":"2017-12-08T09:28:00","guid":{"rendered":"https:\/\/www.montessoriostrava.cz\/ms\/?p=636"},"modified":"2025-03-11T08:41:23","modified_gmt":"2025-03-11T07:41:23","slug":"mikulas-v-ms-a-zs-monte","status":"publish","type":"post","link":"https:\/\/www.montessoriostrava.cz\/ms\/mikulas-v-ms-a-zs-monte\/","title":{"rendered":"Mikul\u00e1\u0161 v M\u0160 a Z\u0160 MONTE"},"content":{"rendered":"\n<figure class=\"wp-block-image size-large\"><img loading=\"lazy\" decoding=\"async\" width=\"1024\" height=\"577\" src=\"https:\/\/www.montessoriostrava.cz\/ms\/wp-content\/uploads\/sites\/4\/2025\/01\/mikulas_materska_skola_v_ostrave_1-1024x577.jpg\" alt=\"Mikul\u00e1\u0161 v M\u0160 a Z\u0160 MONTE\" class=\"wp-image-640\" srcset=\"https:\/\/www.montessoriostrava.cz\/ms\/wp-content\/uploads\/sites\/4\/2025\/01\/mikulas_materska_skola_v_ostrave_1-1024x577.jpg 1024w, https:\/\/www.montessoriostrava.cz\/ms\/wp-content\/uploads\/sites\/4\/2025\/01\/mikulas_materska_skola_v_ostrave_1-300x169.jpg 300w, https:\/\/www.montessoriostrava.cz\/ms\/wp-content\/uploads\/sites\/4\/2025\/01\/mikulas_materska_skola_v_ostrave_1-768x433.jpg 768w, https:\/\/www.montessoriostrava.cz\/ms\/wp-content\/uploads\/sites\/4\/2025\/01\/mikulas_materska_skola_v_ostrave_1-1536x866.jpg 1536w, https:\/\/www.montessoriostrava.cz\/ms\/wp-content\/uploads\/sites\/4\/2025\/01\/mikulas_materska_skola_v_ostrave_1.jpg 2016w\" sizes=\"auto, (max-width: 1024px) 100vw, 1024px\" \/><\/figure>\n\n\n\n<p><strong>Do BENJA t\u0159\u00eddy vstoupil Mikul\u00e1\u0161 s and\u011blem. V ruce dr\u017e\u00ed nebeskou knihu,&nbsp;&nbsp;kde m\u00e1 ke ka\u017ed\u00e9mu d\u00edt\u011bti n\u011bco seps\u00e1no\u2026<\/strong><\/p>\n\n\n\n<p>Za\u010d\u00edn\u00e1 nad\u00edlka\u2026 m\u011bli jste vid\u011bt v\u00fdrazy d\u011btsk\u00fdch tv\u00e1\u0159\u00ed\u2026 z o\u010dek\u00e1v\u00e1n\u00ed a pl\u00ed\u017eiv\u00fdch obav byl na sv\u011bt\u011b r\u00e1zem \u00fasm\u011bv a spokojenost. V\u017edy\u0165 tady nikdo nezlob\u00ed! Proto tak\u00e9 \u010dert z\u016fstal za dve\u0159mi. V\u0161echny na\u0161e d\u011bti obdr\u017eely \u0159ekly b\u00e1sni\u010dku, zazp\u00edvaly p\u00edsni\u010dku a Mikul\u00e1\u0161 jim nad\u011blil p\u0159ekvapen\u00ed v bal\u00ed\u010dku.<\/p>\n\n\n\n<p>A co pan\u00ed u\u010ditelky?&nbsp;&nbsp;Ty musely Mikul\u00e1\u0161i sl\u00edbit, \u017ee budou po\u0159\u00e1d tak laskav\u00e9 a usm\u011bvav\u00e9, jako dote\u010f! Jakmile mu to sl\u00edbily, tak\u00e9 je obdaroval.<\/p>\n\n\n\n<h2 class=\"wp-block-heading\"><strong>A jak to bylo v MONTE?<\/strong><\/h2>\n\n\n\n<p>Ani tady nechyb\u011blo o\u010dek\u00e1v\u00e1n\u00ed d\u011bt\u00ed, kdy\u017e u\u017e sly\u0161ely cinkot zvone\u010dku z chodby.&nbsp;Tady u\u017e ale Mikul\u00e1\u0161 pozval d\u00e1l i \u010derta!&nbsp;Av\u0161ak d\u011bti se \u010derta neb\u00e1ly,&nbsp;proto\u017ee jak zn\u00ed pekeln\u00fd z\u00e1kon? \u201eJen ty zlobiv\u00e9 si mohu odn\u00e9st do pekla\u201c..brblal si \u010dert pod nosem\u2026 I kdy\u017e se jej d\u011bti neb\u00e1ly, st\u00e1le pro n\u011b setk\u00e1n\u00ed bylo zkou\u0161kou odvahy\u2026 ty odv\u00e1\u017en\u00e9 si s n\u00edm cht\u011bly podat i ruku.&nbsp;Laskav\u00fd Mikul\u00e1\u0161 v\u0161ak spravedliv\u011b na\u0161e d\u011bti odm\u011bnil a nezapomn\u011bl ani na pan\u00ed u\u010ditelky.I tady d\u011bti Mikul\u00e1\u0161i p\u011bkn\u011b zazp\u00edvaly.&nbsp;A and\u011bl\u00ed\u010dek na v\u0161e s nebeskou z\u00e1\u0159\u00ed dohl\u00ed\u017eel.<\/p>\n\n\n\n<p>A budou d\u011bti t\u011b\u0161it i na p\u0159es rok? To v\u00edte, \u017ee budou! Copak m\u00e1me snad ve \u0161kolce uli\u010dn\u00edky?&nbsp;&nbsp;A mo\u017en\u00e1, mo\u017en\u00e1 i \u010dert z\u016fstane v teple, hezky doma v pekle\u2026<\/p>\n\n\n\n<figure class=\"wp-block-image size-full\"><img loading=\"lazy\" decoding=\"async\" width=\"1024\" height=\"577\" src=\"https:\/\/www.montessoriostrava.cz\/ms\/wp-content\/uploads\/sites\/4\/2025\/01\/mikulas_materska_skola_v_ostrave_benja_1-1024x577-1.jpg\" alt=\"Mikul\u00e1\u0161 v M\u0160 a Z\u0160 MONTE\" class=\"wp-image-643\" srcset=\"https:\/\/www.montessoriostrava.cz\/ms\/wp-content\/uploads\/sites\/4\/2025\/01\/mikulas_materska_skola_v_ostrave_benja_1-1024x577-1.jpg 1024w, https:\/\/www.montessoriostrava.cz\/ms\/wp-content\/uploads\/sites\/4\/2025\/01\/mikulas_materska_skola_v_ostrave_benja_1-1024x577-1-300x169.jpg 300w, https:\/\/www.montessoriostrava.cz\/ms\/wp-content\/uploads\/sites\/4\/2025\/01\/mikulas_materska_skola_v_ostrave_benja_1-1024x577-1-768x433.jpg 768w\" sizes=\"auto, (max-width: 1024px) 100vw, 1024px\" \/><\/figure>\n\n\n\n<p>I po odchodu Mikul\u00e1\u0161e, je\u0161t\u011b st\u00e1le d\u011btem i u\u010ditelk\u00e1m vrt\u00e1 v hlav\u011b: \u201eJak dob\u0159e to v nebi v\u0161echno v\u011bd\u00ed? A \u017ee jednotliv\u00e9 d\u011bti moc dob\u0159e znaj\u00ed \u2013 i to, co maj\u00ed r\u00e1dy a kdo tu a tam poru\u0161uje na\u0161e pravidla\u2026\u201c<\/p>\n\n\n\n<h2 class=\"wp-block-heading\">Mikul\u00e1\u0161 dorazil i do na\u0161\u00ed z\u00e1kladn\u00ed \u0161koly<\/h2>\n\n\n\n<p>Za dve\u0159mi z\u00e1kladn\u00ed \u0161koly se rozl\u00e9h\u00e1 ticho. \u201e<em>\u017de by tam nebyly d\u011bti?\u201c p<\/em>tal se Mikul\u00e1\u0161\u2026 Kdy\u017e otev\u0159el dve\u0159e, vid\u011bl, jak d\u011bti pracuj\u00ed na kobere\u010dc\u00edch. To bylo p\u0159ekvapen\u00ed, kdy\u017e jej spat\u0159ily. M\u011bli jste vid\u011bt, jak rychle nastoupily v \u0159ad a za\u010daly na uv\u00edtanou zp\u00edvat. Mikul\u00e1\u0161 pod\u011bkoval a nad\u011blovat\u2026 \u010dert jen sekundoval a and\u00edlek pod\u00e1val d\u00e1rky! I tady Mikul\u00e1\u0161 v\u0161e v\u011bd\u011bl o d\u011btech a ke ka\u017ed\u00e9mu promluvil. Nezapomn\u011bl ani na pan\u00ed u\u010ditelku a asistentku. D\u011bti Mikul\u00e1\u0161e je\u0161t\u011b jednou p\u0159ekvapily&nbsp;p\u00edsni\u010dkou jako pod\u011bkov\u00e1n\u00ed. Ale co jej opravdu a\u017e zasko\u010dilo, \u017ee sly\u0161el hr\u00e1t i housli\u010dky. Za cel\u00e1 l\u00e1ta sv\u00e9 nebesk\u00e9 slu\u017eby nem\u011bl takov\u00fd z\u00e1\u017eitek. A tak and\u00edlek uk\u00e1pl slzi\u010dku\u2026.<\/p>\n\n\n\n<figure class=\"wp-block-image size-large\"><img loading=\"lazy\" decoding=\"async\" width=\"577\" height=\"1024\" src=\"https:\/\/www.montessoriostrava.cz\/ms\/wp-content\/uploads\/sites\/4\/2025\/01\/ZS-2-577x1024.jpg\" alt=\"Mikul\u00e1\u0161 v M\u0160 a Z\u0160 MONTE\" class=\"wp-image-637\" srcset=\"https:\/\/www.montessoriostrava.cz\/ms\/wp-content\/uploads\/sites\/4\/2025\/01\/ZS-2-577x1024.jpg 577w, https:\/\/www.montessoriostrava.cz\/ms\/wp-content\/uploads\/sites\/4\/2025\/01\/ZS-2-169x300.jpg 169w, https:\/\/www.montessoriostrava.cz\/ms\/wp-content\/uploads\/sites\/4\/2025\/01\/ZS-2-768x1363.jpg 768w, https:\/\/www.montessoriostrava.cz\/ms\/wp-content\/uploads\/sites\/4\/2025\/01\/ZS-2-866x1536.jpg 866w, https:\/\/www.montessoriostrava.cz\/ms\/wp-content\/uploads\/sites\/4\/2025\/01\/ZS-2-1154x2048.jpg 1154w, https:\/\/www.montessoriostrava.cz\/ms\/wp-content\/uploads\/sites\/4\/2025\/01\/ZS-2-scaled.jpg 1443w\" sizes=\"auto, (max-width: 577px) 100vw, 577px\" \/><\/figure>\n\n\n\n<p>A \u010dert? Tomu se od n\u00e1s necht\u011blo a tak bloudil po t\u0159\u00edd\u011b\u2026 tak ho d\u011bti vyh\u00e1n\u011bly\u2026<\/p>\n\n\n\n<p><\/p>\n","protected":false},"excerpt":{"rendered":"<p>Do BENJA t\u0159\u00eddy vstoupil Mikul\u00e1\u0161 s and\u011blem. V ruce dr\u017e\u00ed nebeskou knihu,&nbsp;&nbsp;kde m\u00e1 ke ka\u017ed\u00e9mu d\u00edt\u011bti n\u011bco seps\u00e1no\u2026 Za\u010d\u00edn\u00e1 nad\u00edlka\u2026 m\u011bli jste vid\u011bt v\u00fdrazy d\u011btsk\u00fdch tv\u00e1\u0159\u00ed\u2026 z o\u010dek\u00e1v\u00e1n\u00ed a pl\u00ed\u017eiv\u00fdch obav byl na sv\u011bt\u011b r\u00e1zem \u00fasm\u011bv a spokojenost. V\u017edy\u0165 tady nikdo nezlob\u00ed! Proto tak\u00e9 \u010dert z\u016fstal za dve\u0159mi. V\u0161echny na\u0161e d\u011bti obdr\u017eely \u0159ekly b\u00e1sni\u010dku, zazp\u00edvaly [&hellip;]<\/p>\n","protected":false},"author":3,"featured_media":640,"comment_status":"closed","ping_status":"closed","sticky":false,"template":"","format":"standard","meta":{"footnotes":""},"categories":[1],"tags":[],"class_list":["post-636","post","type-post","status-publish","format-standard","has-post-thumbnail","hentry","category-nezarazene"],"acf":[],"yoast_head":"<!-- This site is optimized with the Yoast SEO plugin v27.5 - https:\/\/yoast.com\/product\/yoast-seo-wordpress\/ -->\n<title>Mikul\u00e1\u0161 v M\u0160 a Z\u0160 MONTE | M\u0160 Montessori Ostrava<\/title>\n<meta name=\"description\" content=\"Aktuality z mate\u0159sk\u00e9 \u0161koly Montessori Ostrava si m\u016f\u017eete p\u0159e\u010d\u00edst u n\u00e1s na webu. P\u0159e\u010dt\u011bte si nap\u0159. novinku na t\u00e9ma Mikul\u00e1\u0161 v M\u0160 a Z\u0160 MONTE.\" \/>\n<meta name=\"robots\" content=\"index, follow, max-snippet:-1, max-image-preview:large, max-video-preview:-1\" \/>\n<link rel=\"canonical\" href=\"https:\/\/www.montessoriostrava.cz\/ms\/mikulas-v-ms-a-zs-monte\/\" \/>\n<meta property=\"og:locale\" content=\"cs_CZ\" \/>\n<meta property=\"og:type\" content=\"article\" \/>\n<meta property=\"og:title\" content=\"Mikul\u00e1\u0161 v M\u0160 a Z\u0160 MONTE | M\u0160 Montessori Ostrava\" \/>\n<meta property=\"og:description\" content=\"Aktuality z mate\u0159sk\u00e9 \u0161koly Montessori Ostrava si m\u016f\u017eete p\u0159e\u010d\u00edst u n\u00e1s na webu. P\u0159e\u010dt\u011bte si nap\u0159. novinku na t\u00e9ma Mikul\u00e1\u0161 v M\u0160 a Z\u0160 MONTE.\" \/>\n<meta property=\"og:url\" content=\"https:\/\/www.montessoriostrava.cz\/ms\/mikulas-v-ms-a-zs-monte\/\" \/>\n<meta property=\"og:site_name\" content=\"M\u0160 Montessori Ostrava\" \/>\n<meta property=\"article:published_time\" content=\"2017-12-08T09:28:00+00:00\" \/>\n<meta property=\"article:modified_time\" content=\"2025-03-11T07:41:23+00:00\" \/>\n<meta property=\"og:image\" content=\"https:\/\/www.montessoriostrava.cz\/ms\/wp-content\/uploads\/sites\/4\/2025\/01\/mikulas_materska_skola_v_ostrave_1.jpg\" \/>\n\t<meta property=\"og:image:width\" content=\"2016\" \/>\n\t<meta property=\"og:image:height\" content=\"1136\" \/>\n\t<meta property=\"og:image:type\" content=\"image\/jpeg\" \/>\n<meta name=\"author\" content=\"radanjunger\" \/>\n<meta name=\"twitter:card\" content=\"summary_large_image\" \/>\n<meta name=\"twitter:label1\" content=\"Napsal(a)\" \/>\n\t<meta name=\"twitter:data1\" content=\"radanjunger\" \/>\n\t<meta name=\"twitter:label2\" content=\"Odhadovan\u00e1 doba \u010dten\u00ed\" \/>\n\t<meta name=\"twitter:data2\" content=\"3 minuty\" \/>\n<script type=\"application\/ld+json\" class=\"yoast-schema-graph\">{\"@context\":\"https:\\\/\\\/schema.org\",\"@graph\":[{\"@type\":\"Article\",\"@id\":\"https:\\\/\\\/www.montessoriostrava.cz\\\/ms\\\/mikulas-v-ms-a-zs-monte\\\/#article\",\"isPartOf\":{\"@id\":\"https:\\\/\\\/www.montessoriostrava.cz\\\/ms\\\/mikulas-v-ms-a-zs-monte\\\/\"},\"author\":{\"name\":\"radanjunger\",\"@id\":\"https:\\\/\\\/www.montessoriostrava.cz\\\/ms\\\/#\\\/schema\\\/person\\\/5dc0051888ae972ef0c403e95bd94ab2\"},\"headline\":\"Mikul\u00e1\u0161 v M\u0160 a Z\u0160 MONTE\",\"datePublished\":\"2017-12-08T09:28:00+00:00\",\"dateModified\":\"2025-03-11T07:41:23+00:00\",\"mainEntityOfPage\":{\"@id\":\"https:\\\/\\\/www.montessoriostrava.cz\\\/ms\\\/mikulas-v-ms-a-zs-monte\\\/\"},\"wordCount\":561,\"publisher\":{\"@id\":\"https:\\\/\\\/www.montessoriostrava.cz\\\/ms\\\/#organization\"},\"image\":{\"@id\":\"https:\\\/\\\/www.montessoriostrava.cz\\\/ms\\\/mikulas-v-ms-a-zs-monte\\\/#primaryimage\"},\"thumbnailUrl\":\"https:\\\/\\\/www.montessoriostrava.cz\\\/ms\\\/wp-content\\\/uploads\\\/sites\\\/4\\\/2025\\\/01\\\/mikulas_materska_skola_v_ostrave_1.jpg\",\"inLanguage\":\"cs\"},{\"@type\":\"WebPage\",\"@id\":\"https:\\\/\\\/www.montessoriostrava.cz\\\/ms\\\/mikulas-v-ms-a-zs-monte\\\/\",\"url\":\"https:\\\/\\\/www.montessoriostrava.cz\\\/ms\\\/mikulas-v-ms-a-zs-monte\\\/\",\"name\":\"Mikul\u00e1\u0161 v M\u0160 a Z\u0160 MONTE | M\u0160 Montessori Ostrava\",\"isPartOf\":{\"@id\":\"https:\\\/\\\/www.montessoriostrava.cz\\\/ms\\\/#website\"},\"primaryImageOfPage\":{\"@id\":\"https:\\\/\\\/www.montessoriostrava.cz\\\/ms\\\/mikulas-v-ms-a-zs-monte\\\/#primaryimage\"},\"image\":{\"@id\":\"https:\\\/\\\/www.montessoriostrava.cz\\\/ms\\\/mikulas-v-ms-a-zs-monte\\\/#primaryimage\"},\"thumbnailUrl\":\"https:\\\/\\\/www.montessoriostrava.cz\\\/ms\\\/wp-content\\\/uploads\\\/sites\\\/4\\\/2025\\\/01\\\/mikulas_materska_skola_v_ostrave_1.jpg\",\"datePublished\":\"2017-12-08T09:28:00+00:00\",\"dateModified\":\"2025-03-11T07:41:23+00:00\",\"description\":\"Aktuality z mate\u0159sk\u00e9 \u0161koly Montessori Ostrava si m\u016f\u017eete p\u0159e\u010d\u00edst u n\u00e1s na webu. P\u0159e\u010dt\u011bte si nap\u0159. novinku na t\u00e9ma Mikul\u00e1\u0161 v M\u0160 a Z\u0160 MONTE.\",\"breadcrumb\":{\"@id\":\"https:\\\/\\\/www.montessoriostrava.cz\\\/ms\\\/mikulas-v-ms-a-zs-monte\\\/#breadcrumb\"},\"inLanguage\":\"cs\",\"potentialAction\":[{\"@type\":\"ReadAction\",\"target\":[\"https:\\\/\\\/www.montessoriostrava.cz\\\/ms\\\/mikulas-v-ms-a-zs-monte\\\/\"]}]},{\"@type\":\"ImageObject\",\"inLanguage\":\"cs\",\"@id\":\"https:\\\/\\\/www.montessoriostrava.cz\\\/ms\\\/mikulas-v-ms-a-zs-monte\\\/#primaryimage\",\"url\":\"https:\\\/\\\/www.montessoriostrava.cz\\\/ms\\\/wp-content\\\/uploads\\\/sites\\\/4\\\/2025\\\/01\\\/mikulas_materska_skola_v_ostrave_1.jpg\",\"contentUrl\":\"https:\\\/\\\/www.montessoriostrava.cz\\\/ms\\\/wp-content\\\/uploads\\\/sites\\\/4\\\/2025\\\/01\\\/mikulas_materska_skola_v_ostrave_1.jpg\",\"width\":2016,\"height\":1136},{\"@type\":\"BreadcrumbList\",\"@id\":\"https:\\\/\\\/www.montessoriostrava.cz\\\/ms\\\/mikulas-v-ms-a-zs-monte\\\/#breadcrumb\",\"itemListElement\":[{\"@type\":\"ListItem\",\"position\":1,\"name\":\"Dom\u016f\",\"item\":\"https:\\\/\\\/www.montessoriostrava.cz\\\/ms\\\/\"},{\"@type\":\"ListItem\",\"position\":2,\"name\":\"Mikul\u00e1\u0161 v M\u0160 a Z\u0160 MONTE\"}]},{\"@type\":\"WebSite\",\"@id\":\"https:\\\/\\\/www.montessoriostrava.cz\\\/ms\\\/#website\",\"url\":\"https:\\\/\\\/www.montessoriostrava.cz\\\/ms\\\/\",\"name\":\"M\u0160 Montessori Ostrava\",\"description\":\"\",\"publisher\":{\"@id\":\"https:\\\/\\\/www.montessoriostrava.cz\\\/ms\\\/#organization\"},\"potentialAction\":[{\"@type\":\"SearchAction\",\"target\":{\"@type\":\"EntryPoint\",\"urlTemplate\":\"https:\\\/\\\/www.montessoriostrava.cz\\\/ms\\\/?s={search_term_string}\"},\"query-input\":{\"@type\":\"PropertyValueSpecification\",\"valueRequired\":true,\"valueName\":\"search_term_string\"}}],\"inLanguage\":\"cs\"},{\"@type\":\"Organization\",\"@id\":\"https:\\\/\\\/www.montessoriostrava.cz\\\/ms\\\/#organization\",\"name\":\"Montessori Ostrava\",\"url\":\"https:\\\/\\\/www.montessoriostrava.cz\\\/ms\\\/\",\"logo\":{\"@type\":\"ImageObject\",\"inLanguage\":\"cs\",\"@id\":\"https:\\\/\\\/www.montessoriostrava.cz\\\/ms\\\/#\\\/schema\\\/logo\\\/image\\\/\",\"url\":\"https:\\\/\\\/www.montessoriostrava.cz\\\/ms\\\/wp-content\\\/uploads\\\/sites\\\/4\\\/2025\\\/01\\\/logo-montessori.png\",\"contentUrl\":\"https:\\\/\\\/www.montessoriostrava.cz\\\/ms\\\/wp-content\\\/uploads\\\/sites\\\/4\\\/2025\\\/01\\\/logo-montessori.png\",\"width\":1794,\"height\":527,\"caption\":\"Montessori Ostrava\"},\"image\":{\"@id\":\"https:\\\/\\\/www.montessoriostrava.cz\\\/ms\\\/#\\\/schema\\\/logo\\\/image\\\/\"}},{\"@type\":\"Person\",\"@id\":\"https:\\\/\\\/www.montessoriostrava.cz\\\/ms\\\/#\\\/schema\\\/person\\\/5dc0051888ae972ef0c403e95bd94ab2\",\"name\":\"radanjunger\",\"image\":{\"@type\":\"ImageObject\",\"inLanguage\":\"cs\",\"@id\":\"https:\\\/\\\/secure.gravatar.com\\\/avatar\\\/ea9105630782250b5f04ba9be1c580ace99b35751175b96ec0111f0f8ab7c5df?s=96&d=mm&r=g\",\"url\":\"https:\\\/\\\/secure.gravatar.com\\\/avatar\\\/ea9105630782250b5f04ba9be1c580ace99b35751175b96ec0111f0f8ab7c5df?s=96&d=mm&r=g\",\"contentUrl\":\"https:\\\/\\\/secure.gravatar.com\\\/avatar\\\/ea9105630782250b5f04ba9be1c580ace99b35751175b96ec0111f0f8ab7c5df?s=96&d=mm&r=g\",\"caption\":\"radanjunger\"}}]}<\/script>\n<!-- \/ Yoast SEO plugin. -->","yoast_head_json":{"title":"Mikul\u00e1\u0161 v M\u0160 a Z\u0160 MONTE | M\u0160 Montessori Ostrava","description":"Aktuality z mate\u0159sk\u00e9 \u0161koly Montessori Ostrava si m\u016f\u017eete p\u0159e\u010d\u00edst u n\u00e1s na webu. P\u0159e\u010dt\u011bte si nap\u0159. novinku na t\u00e9ma Mikul\u00e1\u0161 v M\u0160 a Z\u0160 MONTE.","robots":{"index":"index","follow":"follow","max-snippet":"max-snippet:-1","max-image-preview":"max-image-preview:large","max-video-preview":"max-video-preview:-1"},"canonical":"https:\/\/www.montessoriostrava.cz\/ms\/mikulas-v-ms-a-zs-monte\/","og_locale":"cs_CZ","og_type":"article","og_title":"Mikul\u00e1\u0161 v M\u0160 a Z\u0160 MONTE | M\u0160 Montessori Ostrava","og_description":"Aktuality z mate\u0159sk\u00e9 \u0161koly Montessori Ostrava si m\u016f\u017eete p\u0159e\u010d\u00edst u n\u00e1s na webu. P\u0159e\u010dt\u011bte si nap\u0159. novinku na t\u00e9ma Mikul\u00e1\u0161 v M\u0160 a Z\u0160 MONTE.","og_url":"https:\/\/www.montessoriostrava.cz\/ms\/mikulas-v-ms-a-zs-monte\/","og_site_name":"M\u0160 Montessori Ostrava","article_published_time":"2017-12-08T09:28:00+00:00","article_modified_time":"2025-03-11T07:41:23+00:00","og_image":[{"width":2016,"height":1136,"url":"https:\/\/www.montessoriostrava.cz\/ms\/wp-content\/uploads\/sites\/4\/2025\/01\/mikulas_materska_skola_v_ostrave_1.jpg","type":"image\/jpeg"}],"author":"radanjunger","twitter_card":"summary_large_image","twitter_misc":{"Napsal(a)":"radanjunger","Odhadovan\u00e1 doba \u010dten\u00ed":"3 minuty"},"schema":{"@context":"https:\/\/schema.org","@graph":[{"@type":"Article","@id":"https:\/\/www.montessoriostrava.cz\/ms\/mikulas-v-ms-a-zs-monte\/#article","isPartOf":{"@id":"https:\/\/www.montessoriostrava.cz\/ms\/mikulas-v-ms-a-zs-monte\/"},"author":{"name":"radanjunger","@id":"https:\/\/www.montessoriostrava.cz\/ms\/#\/schema\/person\/5dc0051888ae972ef0c403e95bd94ab2"},"headline":"Mikul\u00e1\u0161 v M\u0160 a Z\u0160 MONTE","datePublished":"2017-12-08T09:28:00+00:00","dateModified":"2025-03-11T07:41:23+00:00","mainEntityOfPage":{"@id":"https:\/\/www.montessoriostrava.cz\/ms\/mikulas-v-ms-a-zs-monte\/"},"wordCount":561,"publisher":{"@id":"https:\/\/www.montessoriostrava.cz\/ms\/#organization"},"image":{"@id":"https:\/\/www.montessoriostrava.cz\/ms\/mikulas-v-ms-a-zs-monte\/#primaryimage"},"thumbnailUrl":"https:\/\/www.montessoriostrava.cz\/ms\/wp-content\/uploads\/sites\/4\/2025\/01\/mikulas_materska_skola_v_ostrave_1.jpg","inLanguage":"cs"},{"@type":"WebPage","@id":"https:\/\/www.montessoriostrava.cz\/ms\/mikulas-v-ms-a-zs-monte\/","url":"https:\/\/www.montessoriostrava.cz\/ms\/mikulas-v-ms-a-zs-monte\/","name":"Mikul\u00e1\u0161 v M\u0160 a Z\u0160 MONTE | M\u0160 Montessori Ostrava","isPartOf":{"@id":"https:\/\/www.montessoriostrava.cz\/ms\/#website"},"primaryImageOfPage":{"@id":"https:\/\/www.montessoriostrava.cz\/ms\/mikulas-v-ms-a-zs-monte\/#primaryimage"},"image":{"@id":"https:\/\/www.montessoriostrava.cz\/ms\/mikulas-v-ms-a-zs-monte\/#primaryimage"},"thumbnailUrl":"https:\/\/www.montessoriostrava.cz\/ms\/wp-content\/uploads\/sites\/4\/2025\/01\/mikulas_materska_skola_v_ostrave_1.jpg","datePublished":"2017-12-08T09:28:00+00:00","dateModified":"2025-03-11T07:41:23+00:00","description":"Aktuality z mate\u0159sk\u00e9 \u0161koly Montessori Ostrava si m\u016f\u017eete p\u0159e\u010d\u00edst u n\u00e1s na webu. P\u0159e\u010dt\u011bte si nap\u0159. novinku na t\u00e9ma Mikul\u00e1\u0161 v M\u0160 a Z\u0160 MONTE.","breadcrumb":{"@id":"https:\/\/www.montessoriostrava.cz\/ms\/mikulas-v-ms-a-zs-monte\/#breadcrumb"},"inLanguage":"cs","potentialAction":[{"@type":"ReadAction","target":["https:\/\/www.montessoriostrava.cz\/ms\/mikulas-v-ms-a-zs-monte\/"]}]},{"@type":"ImageObject","inLanguage":"cs","@id":"https:\/\/www.montessoriostrava.cz\/ms\/mikulas-v-ms-a-zs-monte\/#primaryimage","url":"https:\/\/www.montessoriostrava.cz\/ms\/wp-content\/uploads\/sites\/4\/2025\/01\/mikulas_materska_skola_v_ostrave_1.jpg","contentUrl":"https:\/\/www.montessoriostrava.cz\/ms\/wp-content\/uploads\/sites\/4\/2025\/01\/mikulas_materska_skola_v_ostrave_1.jpg","width":2016,"height":1136},{"@type":"BreadcrumbList","@id":"https:\/\/www.montessoriostrava.cz\/ms\/mikulas-v-ms-a-zs-monte\/#breadcrumb","itemListElement":[{"@type":"ListItem","position":1,"name":"Dom\u016f","item":"https:\/\/www.montessoriostrava.cz\/ms\/"},{"@type":"ListItem","position":2,"name":"Mikul\u00e1\u0161 v M\u0160 a Z\u0160 MONTE"}]},{"@type":"WebSite","@id":"https:\/\/www.montessoriostrava.cz\/ms\/#website","url":"https:\/\/www.montessoriostrava.cz\/ms\/","name":"M\u0160 Montessori Ostrava","description":"","publisher":{"@id":"https:\/\/www.montessoriostrava.cz\/ms\/#organization"},"potentialAction":[{"@type":"SearchAction","target":{"@type":"EntryPoint","urlTemplate":"https:\/\/www.montessoriostrava.cz\/ms\/?s={search_term_string}"},"query-input":{"@type":"PropertyValueSpecification","valueRequired":true,"valueName":"search_term_string"}}],"inLanguage":"cs"},{"@type":"Organization","@id":"https:\/\/www.montessoriostrava.cz\/ms\/#organization","name":"Montessori Ostrava","url":"https:\/\/www.montessoriostrava.cz\/ms\/","logo":{"@type":"ImageObject","inLanguage":"cs","@id":"https:\/\/www.montessoriostrava.cz\/ms\/#\/schema\/logo\/image\/","url":"https:\/\/www.montessoriostrava.cz\/ms\/wp-content\/uploads\/sites\/4\/2025\/01\/logo-montessori.png","contentUrl":"https:\/\/www.montessoriostrava.cz\/ms\/wp-content\/uploads\/sites\/4\/2025\/01\/logo-montessori.png","width":1794,"height":527,"caption":"Montessori Ostrava"},"image":{"@id":"https:\/\/www.montessoriostrava.cz\/ms\/#\/schema\/logo\/image\/"}},{"@type":"Person","@id":"https:\/\/www.montessoriostrava.cz\/ms\/#\/schema\/person\/5dc0051888ae972ef0c403e95bd94ab2","name":"radanjunger","image":{"@type":"ImageObject","inLanguage":"cs","@id":"https:\/\/secure.gravatar.com\/avatar\/ea9105630782250b5f04ba9be1c580ace99b35751175b96ec0111f0f8ab7c5df?s=96&d=mm&r=g","url":"https:\/\/secure.gravatar.com\/avatar\/ea9105630782250b5f04ba9be1c580ace99b35751175b96ec0111f0f8ab7c5df?s=96&d=mm&r=g","contentUrl":"https:\/\/secure.gravatar.com\/avatar\/ea9105630782250b5f04ba9be1c580ace99b35751175b96ec0111f0f8ab7c5df?s=96&d=mm&r=g","caption":"radanjunger"}}]}},"_links":{"self":[{"href":"https:\/\/www.montessoriostrava.cz\/ms\/wp-json\/wp\/v2\/posts\/636","targetHints":{"allow":["GET"]}}],"collection":[{"href":"https:\/\/www.montessoriostrava.cz\/ms\/wp-json\/wp\/v2\/posts"}],"about":[{"href":"https:\/\/www.montessoriostrava.cz\/ms\/wp-json\/wp\/v2\/types\/post"}],"author":[{"embeddable":true,"href":"https:\/\/www.montessoriostrava.cz\/ms\/wp-json\/wp\/v2\/users\/3"}],"replies":[{"embeddable":true,"href":"https:\/\/www.montessoriostrava.cz\/ms\/wp-json\/wp\/v2\/comments?post=636"}],"version-history":[{"count":5,"href":"https:\/\/www.montessoriostrava.cz\/ms\/wp-json\/wp\/v2\/posts\/636\/revisions"}],"predecessor-version":[{"id":1172,"href":"https:\/\/www.montessoriostrava.cz\/ms\/wp-json\/wp\/v2\/posts\/636\/revisions\/1172"}],"wp:featuredmedia":[{"embeddable":true,"href":"https:\/\/www.montessoriostrava.cz\/ms\/wp-json\/wp\/v2\/media\/640"}],"wp:attachment":[{"href":"https:\/\/www.montessoriostrava.cz\/ms\/wp-json\/wp\/v2\/media?parent=636"}],"wp:term":[{"taxonomy":"category","embeddable":true,"href":"https:\/\/www.montessoriostrava.cz\/ms\/wp-json\/wp\/v2\/categories?post=636"},{"taxonomy":"post_tag","embeddable":true,"href":"https:\/\/www.montessoriostrava.cz\/ms\/wp-json\/wp\/v2\/tags?post=636"}],"curies":[{"name":"wp","href":"https:\/\/api.w.org\/{rel}","templated":true}]}}