{"id":649,"date":"2017-12-23T10:34:00","date_gmt":"2017-12-23T09:34:00","guid":{"rendered":"https:\/\/www.montessoriostrava.cz\/ms\/?p=649"},"modified":"2025-03-11T08:35:26","modified_gmt":"2025-03-11T07:35:26","slug":"advent-v-materske-a-zakladni-skole","status":"publish","type":"post","link":"https:\/\/www.montessoriostrava.cz\/ms\/advent-v-materske-a-zakladni-skole\/","title":{"rendered":"Advent v mate\u0159sk\u00e9 a z\u00e1kladn\u00ed \u0161kole"},"content":{"rendered":"\n<div class=\"wp-block-cover is-light\"><span aria-hidden=\"true\" class=\"wp-block-cover__background has-background-dim\" style=\"background-color:#b5b475\"><\/span><img loading=\"lazy\" decoding=\"async\" width=\"1600\" height=\"1200\" class=\"wp-block-cover__image-background wp-image-652\" alt=\"\" src=\"https:\/\/www.montessoriostrava.cz\/ms\/wp-content\/uploads\/sites\/4\/2025\/01\/ms_ostrava_vanoce_2.jpg\" style=\"object-position:50% 0%\" data-object-fit=\"cover\" data-object-position=\"50% 0%\" srcset=\"https:\/\/www.montessoriostrava.cz\/ms\/wp-content\/uploads\/sites\/4\/2025\/01\/ms_ostrava_vanoce_2.jpg 1600w, https:\/\/www.montessoriostrava.cz\/ms\/wp-content\/uploads\/sites\/4\/2025\/01\/ms_ostrava_vanoce_2-300x225.jpg 300w, https:\/\/www.montessoriostrava.cz\/ms\/wp-content\/uploads\/sites\/4\/2025\/01\/ms_ostrava_vanoce_2-1024x768.jpg 1024w, https:\/\/www.montessoriostrava.cz\/ms\/wp-content\/uploads\/sites\/4\/2025\/01\/ms_ostrava_vanoce_2-768x576.jpg 768w, https:\/\/www.montessoriostrava.cz\/ms\/wp-content\/uploads\/sites\/4\/2025\/01\/ms_ostrava_vanoce_2-1536x1152.jpg 1536w\" sizes=\"auto, (max-width: 1600px) 100vw, 1600px\" \/><div class=\"wp-block-cover__inner-container is-layout-constrained wp-block-cover-is-layout-constrained\">\n<p class=\"has-text-align-center has-large-font-size\"><strong>V\u00e1noce, V\u00e1noce, p\u0159ich\u00e1zej\u00ed, zp\u00edvejme p\u0159\u00e1tele\u2026<\/strong><\/p>\n\n\n\n<p class=\"has-text-align-center\">Jak prob\u00edhaj\u00ed p\u0159\u00edpravy, na ka\u017edoro\u010dn\u00ed nejv\u011bt\u0161\u00ed sv\u00e1tek v na\u0161\u00ed mate\u0159ince? Poj\u010fme se spolu pod\u00edvat na cel\u00fd pr\u016fb\u011bh.<\/p>\n<\/div><\/div>\n\n\n\n<h2 class=\"wp-block-heading\">Adventn\u00ed kalend\u00e1\u0159 v MONTE t\u0159\u00edd\u011b!<\/h2>\n\n\n\n<p>S bl\u00ed\u017e\u00edc\u00edmi se V\u00e1nocemi, postupn\u011b zapalujeme sv\u00ed\u010dky i na na\u0161em adventn\u00edm v\u011bnci. Na tabuli m\u00e1me adventn\u00ed kalend\u00e1\u0159 a na ka\u017ed\u00fd den speci\u00e1ln\u00ed v\u00e1no\u010dn\u00ed \u00fakol.&nbsp;Nap\u0159\u00edklad vybrat si \u010d\u00edslo a p\u0159i\u0159adit k n\u011bmu p\u0159\u00edslu\u0161n\u00fd po\u010det \u017eeton\u016f. U\u010d\u00edme se tedy i v obdob\u00ed adventu a pomalu se \u0161up \u0161up p\u0159ipravujeme na V\u00e1noce.<\/p>\n\n\n\n<h2 class=\"wp-block-heading\">V\u00e1noce ve \u0161koli\u010dce p\u0159ich\u00e1zej\u00ed<\/h2>\n\n\n\n<p>Jen co ode\u0161el Mikul\u00e1\u0161, za\u010dali jsme se v\u011bnovat v\u00e1no\u010dn\u00edm sv\u00e1tk\u016fm. Bavili jsme se o v\u00e1no\u010dn\u00edch tradic\u00edch, o jmel\u00ed, kter\u00e9 pr\u00fd zav\u011b\u0161en\u00e9 p\u0159in\u00e1\u0161\u00ed do domu \u0161t\u011bst\u00ed a l\u00e1sku.<\/p>\n\n\n\n<p>\u0158\u00edk\u00e1 se, \u017ee moc jmel\u00ed je umocn\u011bna, pokud je darovan\u00e9. \u0160t\u011bst\u00ed zaji\u0161\u0165uje mno\u017estv\u00ed bobulek =&gt; \u010d\u00edm je jich v\u00edce, t\u00edm v\u00edce \u0161t\u011bst\u00ed m\u00e1 obdarovan\u00fd v p\u0159\u00ed\u0161t\u00edm roce. U\u010d\u00edme se a zp\u00edv\u00e1me r\u016fzn\u00e9 koledy, zdobili jsme strome\u010dek, vyr\u00e1b\u011bli jsme ozdoby, v\u00e1no\u010dn\u00ed p\u0159\u00e1n\u00ed a d\u00e1re\u010dky pro rodi\u010de \u2026 a samoz\u0159ejm\u011b se nem\u016f\u017eeme do\u010dkat, kdy u\u017e to v\u0161echno vyvrchol\u00ed a budeme doma spolu s rodi\u010di netrp\u011bliv\u011b \u010dekat, a\u017e k n\u00e1m p\u0159ijde Je\u017e\u00ed\u0161ek.<\/p>\n\n\n\n<h2 class=\"wp-block-heading\">P\u0159\u00edpravy na z\u00e1kladn\u00ed \u0161kole<\/h2>\n\n\n\n<p>Pe\u010den\u00ed, zdoben\u00ed, zkou\u0161en\u00ed, jednodu\u0161e to u n\u00e1s v posledn\u00ed dob\u011b vypadalo, jako v um\u011bleck\u00e9m ateli\u00e9ru. Zkou\u0161eli jsme r\u016fzn\u00e9 techniky, materi\u00e1ly i barvy, nejen na zimn\u00ed v\u00fdzdobu. Vyr\u00e1b\u011bli dokonce betl\u00e9m a v\u00e1no\u010dn\u00ed ba\u0148ky, v\u0161ak koukn\u011bte sami. A d\u00e1re\u010dky? Ty byly taky!<\/p>\n\n\n\n<h2 class=\"wp-block-heading\">Bes\u00eddky ve \u0161kolce<\/h2>\n\n\n\n<p>\u201eMaminko, tat\u00ednku, zastav se chvilinku v tom p\u0159edv\u00e1no\u010dn\u00edm shonu\u201c\u2026.tak zn\u011bla pozv\u00e1nka na v\u00e1no\u010dn\u00ed bes\u00eddky v na\u0161\u00ed \u0161kolce.<\/p>\n\n\n\n<p>Cel\u00e1 \u0161kolka d\u00fdchala v\u00e1no\u010dn\u00ed atmosf\u00e9rou. V\u00e1noce jsou p\u0159ece ten nejkr\u00e1sn\u011bj\u0161\u00ed \u010das a d\u016fvod k setk\u00e1n\u00ed a obdarov\u00e1v\u00e1n\u00ed. Na\u0161e d\u011bti si pro sv\u00e9 rodi\u010de spole\u010dn\u011b s pan\u00ed u\u010ditelkami p\u0159ipravily d\u00e1rek v podob\u011b v\u00e1no\u010dn\u00ed bes\u00eddky. A tak se zp\u00edvalo, tleskalo a tan\u010dilo\u2026.Ve t\u0159\u00edd\u011b Monte dokonce i anglicky a zapojili se&nbsp;i rodi\u010de.<\/p>\n\n\n\n<p>V obou t\u0159\u00edd\u00e1ch maminky ut\u00edraly slzi\u010dky dojet\u00ed&nbsp;a tat\u00ednkov\u00e9 se dmuli hrdost\u00ed. D\u011bkujeme pan\u00ed u\u010ditelky za va\u0161i pr\u00e1ci.<\/p>\n","protected":false},"excerpt":{"rendered":"<p>Adventn\u00ed kalend\u00e1\u0159 v MONTE t\u0159\u00edd\u011b! S bl\u00ed\u017e\u00edc\u00edmi se V\u00e1nocemi, postupn\u011b zapalujeme sv\u00ed\u010dky i na na\u0161em adventn\u00edm v\u011bnci. Na tabuli m\u00e1me adventn\u00ed kalend\u00e1\u0159 a na ka\u017ed\u00fd den speci\u00e1ln\u00ed v\u00e1no\u010dn\u00ed \u00fakol.&nbsp;Nap\u0159\u00edklad vybrat si \u010d\u00edslo a p\u0159i\u0159adit k n\u011bmu p\u0159\u00edslu\u0161n\u00fd po\u010det \u017eeton\u016f. U\u010d\u00edme se tedy i v obdob\u00ed adventu a pomalu se \u0161up \u0161up p\u0159ipravujeme na V\u00e1noce. V\u00e1noce [&hellip;]<\/p>\n","protected":false},"author":3,"featured_media":652,"comment_status":"closed","ping_status":"closed","sticky":false,"template":"","format":"standard","meta":{"footnotes":""},"categories":[1],"tags":[],"class_list":["post-649","post","type-post","status-publish","format-standard","has-post-thumbnail","hentry","category-nezarazene"],"acf":[],"yoast_head":"<!-- This site is optimized with the Yoast SEO plugin v27.5 - https:\/\/yoast.com\/product\/yoast-seo-wordpress\/ -->\n<title>Advent v mate\u0159sk\u00e9 a z\u00e1kladn\u00ed \u0161kole | M\u0160 Montessori Ostrava<\/title>\n<meta name=\"description\" content=\"Aktuality z mate\u0159sk\u00e9 \u0161koly Montessori Ostrava si m\u016f\u017eete p\u0159e\u010d\u00edst u n\u00e1s na webu. P\u0159e\u010dt\u011bte si nap\u0159. novinku na t\u00e9ma Advent v mate\u0159sk\u00e9 a z\u00e1kladn\u00ed \u0161kole.\" \/>\n<meta name=\"robots\" content=\"index, follow, max-snippet:-1, max-image-preview:large, max-video-preview:-1\" \/>\n<link rel=\"canonical\" href=\"https:\/\/www.montessoriostrava.cz\/ms\/advent-v-materske-a-zakladni-skole\/\" \/>\n<meta property=\"og:locale\" content=\"cs_CZ\" \/>\n<meta property=\"og:type\" content=\"article\" \/>\n<meta property=\"og:title\" content=\"Advent v mate\u0159sk\u00e9 a z\u00e1kladn\u00ed \u0161kole | M\u0160 Montessori Ostrava\" \/>\n<meta property=\"og:description\" content=\"Aktuality z mate\u0159sk\u00e9 \u0161koly Montessori Ostrava si m\u016f\u017eete p\u0159e\u010d\u00edst u n\u00e1s na webu. P\u0159e\u010dt\u011bte si nap\u0159. novinku na t\u00e9ma Advent v mate\u0159sk\u00e9 a z\u00e1kladn\u00ed \u0161kole.\" \/>\n<meta property=\"og:url\" content=\"https:\/\/www.montessoriostrava.cz\/ms\/advent-v-materske-a-zakladni-skole\/\" \/>\n<meta property=\"og:site_name\" content=\"M\u0160 Montessori Ostrava\" \/>\n<meta property=\"article:published_time\" content=\"2017-12-23T09:34:00+00:00\" \/>\n<meta property=\"article:modified_time\" content=\"2025-03-11T07:35:26+00:00\" \/>\n<meta property=\"og:image\" content=\"https:\/\/www.montessoriostrava.cz\/ms\/wp-content\/uploads\/sites\/4\/2025\/01\/ms_ostrava_vanoce_2.jpg\" \/>\n\t<meta property=\"og:image:width\" content=\"1600\" \/>\n\t<meta property=\"og:image:height\" content=\"1200\" \/>\n\t<meta property=\"og:image:type\" content=\"image\/jpeg\" \/>\n<meta name=\"author\" content=\"radanjunger\" \/>\n<meta name=\"twitter:card\" content=\"summary_large_image\" \/>\n<meta name=\"twitter:label1\" content=\"Napsal(a)\" \/>\n\t<meta name=\"twitter:data1\" content=\"radanjunger\" \/>\n\t<meta name=\"twitter:label2\" content=\"Odhadovan\u00e1 doba \u010dten\u00ed\" \/>\n\t<meta name=\"twitter:data2\" content=\"3 minuty\" \/>\n<script type=\"application\/ld+json\" class=\"yoast-schema-graph\">{\"@context\":\"https:\\\/\\\/schema.org\",\"@graph\":[{\"@type\":\"Article\",\"@id\":\"https:\\\/\\\/www.montessoriostrava.cz\\\/ms\\\/advent-v-materske-a-zakladni-skole\\\/#article\",\"isPartOf\":{\"@id\":\"https:\\\/\\\/www.montessoriostrava.cz\\\/ms\\\/advent-v-materske-a-zakladni-skole\\\/\"},\"author\":{\"name\":\"radanjunger\",\"@id\":\"https:\\\/\\\/www.montessoriostrava.cz\\\/ms\\\/#\\\/schema\\\/person\\\/5dc0051888ae972ef0c403e95bd94ab2\"},\"headline\":\"Advent v mate\u0159sk\u00e9 a z\u00e1kladn\u00ed \u0161kole\",\"datePublished\":\"2017-12-23T09:34:00+00:00\",\"dateModified\":\"2025-03-11T07:35:26+00:00\",\"mainEntityOfPage\":{\"@id\":\"https:\\\/\\\/www.montessoriostrava.cz\\\/ms\\\/advent-v-materske-a-zakladni-skole\\\/\"},\"wordCount\":482,\"publisher\":{\"@id\":\"https:\\\/\\\/www.montessoriostrava.cz\\\/ms\\\/#organization\"},\"image\":{\"@id\":\"https:\\\/\\\/www.montessoriostrava.cz\\\/ms\\\/advent-v-materske-a-zakladni-skole\\\/#primaryimage\"},\"thumbnailUrl\":\"https:\\\/\\\/www.montessoriostrava.cz\\\/ms\\\/wp-content\\\/uploads\\\/sites\\\/4\\\/2025\\\/01\\\/ms_ostrava_vanoce_2.jpg\",\"inLanguage\":\"cs\"},{\"@type\":\"WebPage\",\"@id\":\"https:\\\/\\\/www.montessoriostrava.cz\\\/ms\\\/advent-v-materske-a-zakladni-skole\\\/\",\"url\":\"https:\\\/\\\/www.montessoriostrava.cz\\\/ms\\\/advent-v-materske-a-zakladni-skole\\\/\",\"name\":\"Advent v mate\u0159sk\u00e9 a z\u00e1kladn\u00ed \u0161kole | M\u0160 Montessori Ostrava\",\"isPartOf\":{\"@id\":\"https:\\\/\\\/www.montessoriostrava.cz\\\/ms\\\/#website\"},\"primaryImageOfPage\":{\"@id\":\"https:\\\/\\\/www.montessoriostrava.cz\\\/ms\\\/advent-v-materske-a-zakladni-skole\\\/#primaryimage\"},\"image\":{\"@id\":\"https:\\\/\\\/www.montessoriostrava.cz\\\/ms\\\/advent-v-materske-a-zakladni-skole\\\/#primaryimage\"},\"thumbnailUrl\":\"https:\\\/\\\/www.montessoriostrava.cz\\\/ms\\\/wp-content\\\/uploads\\\/sites\\\/4\\\/2025\\\/01\\\/ms_ostrava_vanoce_2.jpg\",\"datePublished\":\"2017-12-23T09:34:00+00:00\",\"dateModified\":\"2025-03-11T07:35:26+00:00\",\"description\":\"Aktuality z mate\u0159sk\u00e9 \u0161koly Montessori Ostrava si m\u016f\u017eete p\u0159e\u010d\u00edst u n\u00e1s na webu. P\u0159e\u010dt\u011bte si nap\u0159. novinku na t\u00e9ma Advent v mate\u0159sk\u00e9 a z\u00e1kladn\u00ed \u0161kole.\",\"breadcrumb\":{\"@id\":\"https:\\\/\\\/www.montessoriostrava.cz\\\/ms\\\/advent-v-materske-a-zakladni-skole\\\/#breadcrumb\"},\"inLanguage\":\"cs\",\"potentialAction\":[{\"@type\":\"ReadAction\",\"target\":[\"https:\\\/\\\/www.montessoriostrava.cz\\\/ms\\\/advent-v-materske-a-zakladni-skole\\\/\"]}]},{\"@type\":\"ImageObject\",\"inLanguage\":\"cs\",\"@id\":\"https:\\\/\\\/www.montessoriostrava.cz\\\/ms\\\/advent-v-materske-a-zakladni-skole\\\/#primaryimage\",\"url\":\"https:\\\/\\\/www.montessoriostrava.cz\\\/ms\\\/wp-content\\\/uploads\\\/sites\\\/4\\\/2025\\\/01\\\/ms_ostrava_vanoce_2.jpg\",\"contentUrl\":\"https:\\\/\\\/www.montessoriostrava.cz\\\/ms\\\/wp-content\\\/uploads\\\/sites\\\/4\\\/2025\\\/01\\\/ms_ostrava_vanoce_2.jpg\",\"width\":1600,\"height\":1200},{\"@type\":\"BreadcrumbList\",\"@id\":\"https:\\\/\\\/www.montessoriostrava.cz\\\/ms\\\/advent-v-materske-a-zakladni-skole\\\/#breadcrumb\",\"itemListElement\":[{\"@type\":\"ListItem\",\"position\":1,\"name\":\"Dom\u016f\",\"item\":\"https:\\\/\\\/www.montessoriostrava.cz\\\/ms\\\/\"},{\"@type\":\"ListItem\",\"position\":2,\"name\":\"Advent v mate\u0159sk\u00e9 a z\u00e1kladn\u00ed \u0161kole\"}]},{\"@type\":\"WebSite\",\"@id\":\"https:\\\/\\\/www.montessoriostrava.cz\\\/ms\\\/#website\",\"url\":\"https:\\\/\\\/www.montessoriostrava.cz\\\/ms\\\/\",\"name\":\"M\u0160 Montessori Ostrava\",\"description\":\"\",\"publisher\":{\"@id\":\"https:\\\/\\\/www.montessoriostrava.cz\\\/ms\\\/#organization\"},\"potentialAction\":[{\"@type\":\"SearchAction\",\"target\":{\"@type\":\"EntryPoint\",\"urlTemplate\":\"https:\\\/\\\/www.montessoriostrava.cz\\\/ms\\\/?s={search_term_string}\"},\"query-input\":{\"@type\":\"PropertyValueSpecification\",\"valueRequired\":true,\"valueName\":\"search_term_string\"}}],\"inLanguage\":\"cs\"},{\"@type\":\"Organization\",\"@id\":\"https:\\\/\\\/www.montessoriostrava.cz\\\/ms\\\/#organization\",\"name\":\"Montessori Ostrava\",\"url\":\"https:\\\/\\\/www.montessoriostrava.cz\\\/ms\\\/\",\"logo\":{\"@type\":\"ImageObject\",\"inLanguage\":\"cs\",\"@id\":\"https:\\\/\\\/www.montessoriostrava.cz\\\/ms\\\/#\\\/schema\\\/logo\\\/image\\\/\",\"url\":\"https:\\\/\\\/www.montessoriostrava.cz\\\/ms\\\/wp-content\\\/uploads\\\/sites\\\/4\\\/2025\\\/01\\\/logo-montessori.png\",\"contentUrl\":\"https:\\\/\\\/www.montessoriostrava.cz\\\/ms\\\/wp-content\\\/uploads\\\/sites\\\/4\\\/2025\\\/01\\\/logo-montessori.png\",\"width\":1794,\"height\":527,\"caption\":\"Montessori Ostrava\"},\"image\":{\"@id\":\"https:\\\/\\\/www.montessoriostrava.cz\\\/ms\\\/#\\\/schema\\\/logo\\\/image\\\/\"}},{\"@type\":\"Person\",\"@id\":\"https:\\\/\\\/www.montessoriostrava.cz\\\/ms\\\/#\\\/schema\\\/person\\\/5dc0051888ae972ef0c403e95bd94ab2\",\"name\":\"radanjunger\",\"image\":{\"@type\":\"ImageObject\",\"inLanguage\":\"cs\",\"@id\":\"https:\\\/\\\/secure.gravatar.com\\\/avatar\\\/ea9105630782250b5f04ba9be1c580ace99b35751175b96ec0111f0f8ab7c5df?s=96&d=mm&r=g\",\"url\":\"https:\\\/\\\/secure.gravatar.com\\\/avatar\\\/ea9105630782250b5f04ba9be1c580ace99b35751175b96ec0111f0f8ab7c5df?s=96&d=mm&r=g\",\"contentUrl\":\"https:\\\/\\\/secure.gravatar.com\\\/avatar\\\/ea9105630782250b5f04ba9be1c580ace99b35751175b96ec0111f0f8ab7c5df?s=96&d=mm&r=g\",\"caption\":\"radanjunger\"}}]}<\/script>\n<!-- \/ Yoast SEO plugin. -->","yoast_head_json":{"title":"Advent v mate\u0159sk\u00e9 a z\u00e1kladn\u00ed \u0161kole | M\u0160 Montessori Ostrava","description":"Aktuality z mate\u0159sk\u00e9 \u0161koly Montessori Ostrava si m\u016f\u017eete p\u0159e\u010d\u00edst u n\u00e1s na webu. P\u0159e\u010dt\u011bte si nap\u0159. novinku na t\u00e9ma Advent v mate\u0159sk\u00e9 a z\u00e1kladn\u00ed \u0161kole.","robots":{"index":"index","follow":"follow","max-snippet":"max-snippet:-1","max-image-preview":"max-image-preview:large","max-video-preview":"max-video-preview:-1"},"canonical":"https:\/\/www.montessoriostrava.cz\/ms\/advent-v-materske-a-zakladni-skole\/","og_locale":"cs_CZ","og_type":"article","og_title":"Advent v mate\u0159sk\u00e9 a z\u00e1kladn\u00ed \u0161kole | M\u0160 Montessori Ostrava","og_description":"Aktuality z mate\u0159sk\u00e9 \u0161koly Montessori Ostrava si m\u016f\u017eete p\u0159e\u010d\u00edst u n\u00e1s na webu. P\u0159e\u010dt\u011bte si nap\u0159. novinku na t\u00e9ma Advent v mate\u0159sk\u00e9 a z\u00e1kladn\u00ed \u0161kole.","og_url":"https:\/\/www.montessoriostrava.cz\/ms\/advent-v-materske-a-zakladni-skole\/","og_site_name":"M\u0160 Montessori Ostrava","article_published_time":"2017-12-23T09:34:00+00:00","article_modified_time":"2025-03-11T07:35:26+00:00","og_image":[{"width":1600,"height":1200,"url":"https:\/\/www.montessoriostrava.cz\/ms\/wp-content\/uploads\/sites\/4\/2025\/01\/ms_ostrava_vanoce_2.jpg","type":"image\/jpeg"}],"author":"radanjunger","twitter_card":"summary_large_image","twitter_misc":{"Napsal(a)":"radanjunger","Odhadovan\u00e1 doba \u010dten\u00ed":"3 minuty"},"schema":{"@context":"https:\/\/schema.org","@graph":[{"@type":"Article","@id":"https:\/\/www.montessoriostrava.cz\/ms\/advent-v-materske-a-zakladni-skole\/#article","isPartOf":{"@id":"https:\/\/www.montessoriostrava.cz\/ms\/advent-v-materske-a-zakladni-skole\/"},"author":{"name":"radanjunger","@id":"https:\/\/www.montessoriostrava.cz\/ms\/#\/schema\/person\/5dc0051888ae972ef0c403e95bd94ab2"},"headline":"Advent v mate\u0159sk\u00e9 a z\u00e1kladn\u00ed \u0161kole","datePublished":"2017-12-23T09:34:00+00:00","dateModified":"2025-03-11T07:35:26+00:00","mainEntityOfPage":{"@id":"https:\/\/www.montessoriostrava.cz\/ms\/advent-v-materske-a-zakladni-skole\/"},"wordCount":482,"publisher":{"@id":"https:\/\/www.montessoriostrava.cz\/ms\/#organization"},"image":{"@id":"https:\/\/www.montessoriostrava.cz\/ms\/advent-v-materske-a-zakladni-skole\/#primaryimage"},"thumbnailUrl":"https:\/\/www.montessoriostrava.cz\/ms\/wp-content\/uploads\/sites\/4\/2025\/01\/ms_ostrava_vanoce_2.jpg","inLanguage":"cs"},{"@type":"WebPage","@id":"https:\/\/www.montessoriostrava.cz\/ms\/advent-v-materske-a-zakladni-skole\/","url":"https:\/\/www.montessoriostrava.cz\/ms\/advent-v-materske-a-zakladni-skole\/","name":"Advent v mate\u0159sk\u00e9 a z\u00e1kladn\u00ed \u0161kole | M\u0160 Montessori Ostrava","isPartOf":{"@id":"https:\/\/www.montessoriostrava.cz\/ms\/#website"},"primaryImageOfPage":{"@id":"https:\/\/www.montessoriostrava.cz\/ms\/advent-v-materske-a-zakladni-skole\/#primaryimage"},"image":{"@id":"https:\/\/www.montessoriostrava.cz\/ms\/advent-v-materske-a-zakladni-skole\/#primaryimage"},"thumbnailUrl":"https:\/\/www.montessoriostrava.cz\/ms\/wp-content\/uploads\/sites\/4\/2025\/01\/ms_ostrava_vanoce_2.jpg","datePublished":"2017-12-23T09:34:00+00:00","dateModified":"2025-03-11T07:35:26+00:00","description":"Aktuality z mate\u0159sk\u00e9 \u0161koly Montessori Ostrava si m\u016f\u017eete p\u0159e\u010d\u00edst u n\u00e1s na webu. P\u0159e\u010dt\u011bte si nap\u0159. novinku na t\u00e9ma Advent v mate\u0159sk\u00e9 a z\u00e1kladn\u00ed \u0161kole.","breadcrumb":{"@id":"https:\/\/www.montessoriostrava.cz\/ms\/advent-v-materske-a-zakladni-skole\/#breadcrumb"},"inLanguage":"cs","potentialAction":[{"@type":"ReadAction","target":["https:\/\/www.montessoriostrava.cz\/ms\/advent-v-materske-a-zakladni-skole\/"]}]},{"@type":"ImageObject","inLanguage":"cs","@id":"https:\/\/www.montessoriostrava.cz\/ms\/advent-v-materske-a-zakladni-skole\/#primaryimage","url":"https:\/\/www.montessoriostrava.cz\/ms\/wp-content\/uploads\/sites\/4\/2025\/01\/ms_ostrava_vanoce_2.jpg","contentUrl":"https:\/\/www.montessoriostrava.cz\/ms\/wp-content\/uploads\/sites\/4\/2025\/01\/ms_ostrava_vanoce_2.jpg","width":1600,"height":1200},{"@type":"BreadcrumbList","@id":"https:\/\/www.montessoriostrava.cz\/ms\/advent-v-materske-a-zakladni-skole\/#breadcrumb","itemListElement":[{"@type":"ListItem","position":1,"name":"Dom\u016f","item":"https:\/\/www.montessoriostrava.cz\/ms\/"},{"@type":"ListItem","position":2,"name":"Advent v mate\u0159sk\u00e9 a z\u00e1kladn\u00ed \u0161kole"}]},{"@type":"WebSite","@id":"https:\/\/www.montessoriostrava.cz\/ms\/#website","url":"https:\/\/www.montessoriostrava.cz\/ms\/","name":"M\u0160 Montessori Ostrava","description":"","publisher":{"@id":"https:\/\/www.montessoriostrava.cz\/ms\/#organization"},"potentialAction":[{"@type":"SearchAction","target":{"@type":"EntryPoint","urlTemplate":"https:\/\/www.montessoriostrava.cz\/ms\/?s={search_term_string}"},"query-input":{"@type":"PropertyValueSpecification","valueRequired":true,"valueName":"search_term_string"}}],"inLanguage":"cs"},{"@type":"Organization","@id":"https:\/\/www.montessoriostrava.cz\/ms\/#organization","name":"Montessori Ostrava","url":"https:\/\/www.montessoriostrava.cz\/ms\/","logo":{"@type":"ImageObject","inLanguage":"cs","@id":"https:\/\/www.montessoriostrava.cz\/ms\/#\/schema\/logo\/image\/","url":"https:\/\/www.montessoriostrava.cz\/ms\/wp-content\/uploads\/sites\/4\/2025\/01\/logo-montessori.png","contentUrl":"https:\/\/www.montessoriostrava.cz\/ms\/wp-content\/uploads\/sites\/4\/2025\/01\/logo-montessori.png","width":1794,"height":527,"caption":"Montessori Ostrava"},"image":{"@id":"https:\/\/www.montessoriostrava.cz\/ms\/#\/schema\/logo\/image\/"}},{"@type":"Person","@id":"https:\/\/www.montessoriostrava.cz\/ms\/#\/schema\/person\/5dc0051888ae972ef0c403e95bd94ab2","name":"radanjunger","image":{"@type":"ImageObject","inLanguage":"cs","@id":"https:\/\/secure.gravatar.com\/avatar\/ea9105630782250b5f04ba9be1c580ace99b35751175b96ec0111f0f8ab7c5df?s=96&d=mm&r=g","url":"https:\/\/secure.gravatar.com\/avatar\/ea9105630782250b5f04ba9be1c580ace99b35751175b96ec0111f0f8ab7c5df?s=96&d=mm&r=g","contentUrl":"https:\/\/secure.gravatar.com\/avatar\/ea9105630782250b5f04ba9be1c580ace99b35751175b96ec0111f0f8ab7c5df?s=96&d=mm&r=g","caption":"radanjunger"}}]}},"_links":{"self":[{"href":"https:\/\/www.montessoriostrava.cz\/ms\/wp-json\/wp\/v2\/posts\/649","targetHints":{"allow":["GET"]}}],"collection":[{"href":"https:\/\/www.montessoriostrava.cz\/ms\/wp-json\/wp\/v2\/posts"}],"about":[{"href":"https:\/\/www.montessoriostrava.cz\/ms\/wp-json\/wp\/v2\/types\/post"}],"author":[{"embeddable":true,"href":"https:\/\/www.montessoriostrava.cz\/ms\/wp-json\/wp\/v2\/users\/3"}],"replies":[{"embeddable":true,"href":"https:\/\/www.montessoriostrava.cz\/ms\/wp-json\/wp\/v2\/comments?post=649"}],"version-history":[{"count":5,"href":"https:\/\/www.montessoriostrava.cz\/ms\/wp-json\/wp\/v2\/posts\/649\/revisions"}],"predecessor-version":[{"id":1163,"href":"https:\/\/www.montessoriostrava.cz\/ms\/wp-json\/wp\/v2\/posts\/649\/revisions\/1163"}],"wp:featuredmedia":[{"embeddable":true,"href":"https:\/\/www.montessoriostrava.cz\/ms\/wp-json\/wp\/v2\/media\/652"}],"wp:attachment":[{"href":"https:\/\/www.montessoriostrava.cz\/ms\/wp-json\/wp\/v2\/media?parent=649"}],"wp:term":[{"taxonomy":"category","embeddable":true,"href":"https:\/\/www.montessoriostrava.cz\/ms\/wp-json\/wp\/v2\/categories?post=649"},{"taxonomy":"post_tag","embeddable":true,"href":"https:\/\/www.montessoriostrava.cz\/ms\/wp-json\/wp\/v2\/tags?post=649"}],"curies":[{"name":"wp","href":"https:\/\/api.w.org\/{rel}","templated":true}]}}