{"id":690,"date":"2018-05-28T10:55:00","date_gmt":"2018-05-28T08:55:00","guid":{"rendered":"https:\/\/www.montessoriostrava.cz\/ms\/?p=690"},"modified":"2025-03-11T08:44:10","modified_gmt":"2025-03-11T07:44:10","slug":"a-proletime-se-i-vrtulnikem","status":"publish","type":"post","link":"https:\/\/www.montessoriostrava.cz\/ms\/a-proletime-se-i-vrtulnikem\/","title":{"rendered":"A prolet\u00edme se i vrtuln\u00edkem?"},"content":{"rendered":"\n<div class=\"wp-block-cover is-light\"><span aria-hidden=\"true\" class=\"wp-block-cover__background has-background-dim\" style=\"background-color:#afa9a4\"><\/span><img loading=\"lazy\" decoding=\"async\" width=\"1600\" height=\"1200\" class=\"wp-block-cover__image-background wp-image-691\" alt=\"\" src=\"https:\/\/www.montessoriostrava.cz\/ms\/wp-content\/uploads\/sites\/4\/2025\/01\/materska-skola-monte-112_1.jpg\" data-object-fit=\"cover\" srcset=\"https:\/\/www.montessoriostrava.cz\/ms\/wp-content\/uploads\/sites\/4\/2025\/01\/materska-skola-monte-112_1.jpg 1600w, https:\/\/www.montessoriostrava.cz\/ms\/wp-content\/uploads\/sites\/4\/2025\/01\/materska-skola-monte-112_1-300x225.jpg 300w, https:\/\/www.montessoriostrava.cz\/ms\/wp-content\/uploads\/sites\/4\/2025\/01\/materska-skola-monte-112_1-1024x768.jpg 1024w, https:\/\/www.montessoriostrava.cz\/ms\/wp-content\/uploads\/sites\/4\/2025\/01\/materska-skola-monte-112_1-768x576.jpg 768w, https:\/\/www.montessoriostrava.cz\/ms\/wp-content\/uploads\/sites\/4\/2025\/01\/materska-skola-monte-112_1-1536x1152.jpg 1536w\" sizes=\"auto, (max-width: 1600px) 100vw, 1600px\" \/><div class=\"wp-block-cover__inner-container is-layout-constrained wp-block-cover-is-layout-constrained\">\n<p class=\"has-text-align-center\"><strong>O bezpe\u010dnosti z\u00e1bavnou formou.<\/strong><\/p>\n<\/div><\/div>\n\n\n\n<h2 class=\"wp-block-heading\">A prolet\u00edme se i vrtuln\u00edkem?<\/h2>\n\n\n\n<p>I tohle d\u011btem p\u0159ich\u00e1zelo na mysl p\u0159i n\u00e1v\u0161t\u011bv\u011b v are\u00e1lu 112. A \u017ee bylo \u010d\u00edm ohromovat. D\u011bti si zbl\u00edzka prohl\u00e9dly hasi\u010dsk\u00e9 vozy,v\u00fdstroj, pot\u011b\u017ekaly n\u00e1\u0159ad\u00ed a okoukly i vrtuln\u00edk.<\/p>\n\n\n\n<figure class=\"wp-block-image size-large\"><img loading=\"lazy\" decoding=\"async\" width=\"1024\" height=\"768\" src=\"https:\/\/www.montessoriostrava.cz\/ms\/wp-content\/uploads\/sites\/4\/2025\/01\/materska-skola-monte-112_3-1024x768.jpg\" alt=\"A prolet\u00edme se i vrtuln\u00edkem?\" class=\"wp-image-692\" srcset=\"https:\/\/www.montessoriostrava.cz\/ms\/wp-content\/uploads\/sites\/4\/2025\/01\/materska-skola-monte-112_3-1024x768.jpg 1024w, https:\/\/www.montessoriostrava.cz\/ms\/wp-content\/uploads\/sites\/4\/2025\/01\/materska-skola-monte-112_3-300x225.jpg 300w, https:\/\/www.montessoriostrava.cz\/ms\/wp-content\/uploads\/sites\/4\/2025\/01\/materska-skola-monte-112_3-768x576.jpg 768w, https:\/\/www.montessoriostrava.cz\/ms\/wp-content\/uploads\/sites\/4\/2025\/01\/materska-skola-monte-112_3-1536x1152.jpg 1536w, https:\/\/www.montessoriostrava.cz\/ms\/wp-content\/uploads\/sites\/4\/2025\/01\/materska-skola-monte-112_3.jpg 1600w\" sizes=\"auto, (max-width: 1024px) 100vw, 1024px\" \/><\/figure>\n\n\n\n<p>Nav\u0161t\u00edvily tak\u00e9 dispe\u010dink, kde jim hasi\u010di vysv\u011btlili, co se d\u011bje v dob\u011b od nahl\u00e1\u0161en\u00ed a\u017e k z\u00e1sahu a taky hasi\u010dsk\u00e9 z\u00e1zem\u00ed, kde se hasi\u010di stravuj\u00ed, tr\u00e9nuj\u00ed a odpo\u010d\u00edvaj\u00ed. Bylo to n\u00e1ro\u010dn\u00e9, ale bylo to bezva!<\/p>\n\n\n\n<p>P.S. Radost d\u011btem ud\u011blal taky autobus, kter\u00fdm p\u0159ijely \u2013 HC V\u00edtkovice<\/p>\n","protected":false},"excerpt":{"rendered":"<p>A prolet\u00edme se i vrtuln\u00edkem? I tohle d\u011btem p\u0159ich\u00e1zelo na mysl p\u0159i n\u00e1v\u0161t\u011bv\u011b v are\u00e1lu 112. A \u017ee bylo \u010d\u00edm ohromovat. D\u011bti si zbl\u00edzka prohl\u00e9dly hasi\u010dsk\u00e9 vozy,v\u00fdstroj, pot\u011b\u017ekaly n\u00e1\u0159ad\u00ed a okoukly i vrtuln\u00edk. Nav\u0161t\u00edvily tak\u00e9 dispe\u010dink, kde jim hasi\u010di vysv\u011btlili, co se d\u011bje v dob\u011b od nahl\u00e1\u0161en\u00ed a\u017e k z\u00e1sahu a taky hasi\u010dsk\u00e9 z\u00e1zem\u00ed, kde [&hellip;]<\/p>\n","protected":false},"author":3,"featured_media":691,"comment_status":"closed","ping_status":"closed","sticky":false,"template":"","format":"standard","meta":{"footnotes":""},"categories":[1],"tags":[],"class_list":["post-690","post","type-post","status-publish","format-standard","has-post-thumbnail","hentry","category-nezarazene"],"acf":[],"yoast_head":"<!-- This site is optimized with the Yoast SEO plugin v27.5 - https:\/\/yoast.com\/product\/yoast-seo-wordpress\/ -->\n<title>A prolet\u00edme se i vrtuln\u00edkem? | M\u0160 Montessori Ostrava<\/title>\n<meta name=\"description\" content=\"Aktuality z mate\u0159sk\u00e9 \u0161koly Montessori Ostrava si m\u016f\u017eete p\u0159e\u010d\u00edst u n\u00e1s na webu. P\u0159e\u010dt\u011bte si nap\u0159. novinku na t\u00e9ma A prolet\u00edme se i vrtuln\u00edkem?.\" \/>\n<meta name=\"robots\" content=\"index, follow, max-snippet:-1, max-image-preview:large, max-video-preview:-1\" \/>\n<link rel=\"canonical\" href=\"https:\/\/www.montessoriostrava.cz\/ms\/a-proletime-se-i-vrtulnikem\/\" \/>\n<meta property=\"og:locale\" content=\"cs_CZ\" \/>\n<meta property=\"og:type\" content=\"article\" \/>\n<meta property=\"og:title\" content=\"A prolet\u00edme se i vrtuln\u00edkem? | M\u0160 Montessori Ostrava\" \/>\n<meta property=\"og:description\" content=\"Aktuality z mate\u0159sk\u00e9 \u0161koly Montessori Ostrava si m\u016f\u017eete p\u0159e\u010d\u00edst u n\u00e1s na webu. P\u0159e\u010dt\u011bte si nap\u0159. novinku na t\u00e9ma A prolet\u00edme se i vrtuln\u00edkem?.\" \/>\n<meta property=\"og:url\" content=\"https:\/\/www.montessoriostrava.cz\/ms\/a-proletime-se-i-vrtulnikem\/\" \/>\n<meta property=\"og:site_name\" content=\"M\u0160 Montessori Ostrava\" \/>\n<meta property=\"article:published_time\" content=\"2018-05-28T08:55:00+00:00\" \/>\n<meta property=\"article:modified_time\" content=\"2025-03-11T07:44:10+00:00\" \/>\n<meta property=\"og:image\" content=\"https:\/\/www.montessoriostrava.cz\/ms\/wp-content\/uploads\/sites\/4\/2025\/01\/materska-skola-monte-112_1.jpg\" \/>\n\t<meta property=\"og:image:width\" content=\"1600\" \/>\n\t<meta property=\"og:image:height\" content=\"1200\" \/>\n\t<meta property=\"og:image:type\" content=\"image\/jpeg\" \/>\n<meta name=\"author\" content=\"radanjunger\" \/>\n<meta name=\"twitter:card\" content=\"summary_large_image\" \/>\n<meta name=\"twitter:label1\" content=\"Napsal(a)\" \/>\n\t<meta name=\"twitter:data1\" content=\"radanjunger\" \/>\n\t<meta name=\"twitter:label2\" content=\"Odhadovan\u00e1 doba \u010dten\u00ed\" \/>\n\t<meta name=\"twitter:data2\" content=\"2 minuty\" \/>\n<script type=\"application\/ld+json\" class=\"yoast-schema-graph\">{\"@context\":\"https:\\\/\\\/schema.org\",\"@graph\":[{\"@type\":\"Article\",\"@id\":\"https:\\\/\\\/www.montessoriostrava.cz\\\/ms\\\/a-proletime-se-i-vrtulnikem\\\/#article\",\"isPartOf\":{\"@id\":\"https:\\\/\\\/www.montessoriostrava.cz\\\/ms\\\/a-proletime-se-i-vrtulnikem\\\/\"},\"author\":{\"name\":\"radanjunger\",\"@id\":\"https:\\\/\\\/www.montessoriostrava.cz\\\/ms\\\/#\\\/schema\\\/person\\\/5dc0051888ae972ef0c403e95bd94ab2\"},\"headline\":\"A prolet\u00edme se i vrtuln\u00edkem?\",\"datePublished\":\"2018-05-28T08:55:00+00:00\",\"dateModified\":\"2025-03-11T07:44:10+00:00\",\"mainEntityOfPage\":{\"@id\":\"https:\\\/\\\/www.montessoriostrava.cz\\\/ms\\\/a-proletime-se-i-vrtulnikem\\\/\"},\"wordCount\":130,\"publisher\":{\"@id\":\"https:\\\/\\\/www.montessoriostrava.cz\\\/ms\\\/#organization\"},\"image\":{\"@id\":\"https:\\\/\\\/www.montessoriostrava.cz\\\/ms\\\/a-proletime-se-i-vrtulnikem\\\/#primaryimage\"},\"thumbnailUrl\":\"https:\\\/\\\/www.montessoriostrava.cz\\\/ms\\\/wp-content\\\/uploads\\\/sites\\\/4\\\/2025\\\/01\\\/materska-skola-monte-112_1.jpg\",\"inLanguage\":\"cs\"},{\"@type\":\"WebPage\",\"@id\":\"https:\\\/\\\/www.montessoriostrava.cz\\\/ms\\\/a-proletime-se-i-vrtulnikem\\\/\",\"url\":\"https:\\\/\\\/www.montessoriostrava.cz\\\/ms\\\/a-proletime-se-i-vrtulnikem\\\/\",\"name\":\"A prolet\u00edme se i vrtuln\u00edkem? | M\u0160 Montessori Ostrava\",\"isPartOf\":{\"@id\":\"https:\\\/\\\/www.montessoriostrava.cz\\\/ms\\\/#website\"},\"primaryImageOfPage\":{\"@id\":\"https:\\\/\\\/www.montessoriostrava.cz\\\/ms\\\/a-proletime-se-i-vrtulnikem\\\/#primaryimage\"},\"image\":{\"@id\":\"https:\\\/\\\/www.montessoriostrava.cz\\\/ms\\\/a-proletime-se-i-vrtulnikem\\\/#primaryimage\"},\"thumbnailUrl\":\"https:\\\/\\\/www.montessoriostrava.cz\\\/ms\\\/wp-content\\\/uploads\\\/sites\\\/4\\\/2025\\\/01\\\/materska-skola-monte-112_1.jpg\",\"datePublished\":\"2018-05-28T08:55:00+00:00\",\"dateModified\":\"2025-03-11T07:44:10+00:00\",\"description\":\"Aktuality z mate\u0159sk\u00e9 \u0161koly Montessori Ostrava si m\u016f\u017eete p\u0159e\u010d\u00edst u n\u00e1s na webu. P\u0159e\u010dt\u011bte si nap\u0159. novinku na t\u00e9ma A prolet\u00edme se i vrtuln\u00edkem?.\",\"breadcrumb\":{\"@id\":\"https:\\\/\\\/www.montessoriostrava.cz\\\/ms\\\/a-proletime-se-i-vrtulnikem\\\/#breadcrumb\"},\"inLanguage\":\"cs\",\"potentialAction\":[{\"@type\":\"ReadAction\",\"target\":[\"https:\\\/\\\/www.montessoriostrava.cz\\\/ms\\\/a-proletime-se-i-vrtulnikem\\\/\"]}]},{\"@type\":\"ImageObject\",\"inLanguage\":\"cs\",\"@id\":\"https:\\\/\\\/www.montessoriostrava.cz\\\/ms\\\/a-proletime-se-i-vrtulnikem\\\/#primaryimage\",\"url\":\"https:\\\/\\\/www.montessoriostrava.cz\\\/ms\\\/wp-content\\\/uploads\\\/sites\\\/4\\\/2025\\\/01\\\/materska-skola-monte-112_1.jpg\",\"contentUrl\":\"https:\\\/\\\/www.montessoriostrava.cz\\\/ms\\\/wp-content\\\/uploads\\\/sites\\\/4\\\/2025\\\/01\\\/materska-skola-monte-112_1.jpg\",\"width\":1600,\"height\":1200},{\"@type\":\"BreadcrumbList\",\"@id\":\"https:\\\/\\\/www.montessoriostrava.cz\\\/ms\\\/a-proletime-se-i-vrtulnikem\\\/#breadcrumb\",\"itemListElement\":[{\"@type\":\"ListItem\",\"position\":1,\"name\":\"Dom\u016f\",\"item\":\"https:\\\/\\\/www.montessoriostrava.cz\\\/ms\\\/\"},{\"@type\":\"ListItem\",\"position\":2,\"name\":\"A prolet\u00edme se i vrtuln\u00edkem?\"}]},{\"@type\":\"WebSite\",\"@id\":\"https:\\\/\\\/www.montessoriostrava.cz\\\/ms\\\/#website\",\"url\":\"https:\\\/\\\/www.montessoriostrava.cz\\\/ms\\\/\",\"name\":\"M\u0160 Montessori Ostrava\",\"description\":\"\",\"publisher\":{\"@id\":\"https:\\\/\\\/www.montessoriostrava.cz\\\/ms\\\/#organization\"},\"potentialAction\":[{\"@type\":\"SearchAction\",\"target\":{\"@type\":\"EntryPoint\",\"urlTemplate\":\"https:\\\/\\\/www.montessoriostrava.cz\\\/ms\\\/?s={search_term_string}\"},\"query-input\":{\"@type\":\"PropertyValueSpecification\",\"valueRequired\":true,\"valueName\":\"search_term_string\"}}],\"inLanguage\":\"cs\"},{\"@type\":\"Organization\",\"@id\":\"https:\\\/\\\/www.montessoriostrava.cz\\\/ms\\\/#organization\",\"name\":\"Montessori Ostrava\",\"url\":\"https:\\\/\\\/www.montessoriostrava.cz\\\/ms\\\/\",\"logo\":{\"@type\":\"ImageObject\",\"inLanguage\":\"cs\",\"@id\":\"https:\\\/\\\/www.montessoriostrava.cz\\\/ms\\\/#\\\/schema\\\/logo\\\/image\\\/\",\"url\":\"https:\\\/\\\/www.montessoriostrava.cz\\\/ms\\\/wp-content\\\/uploads\\\/sites\\\/4\\\/2025\\\/01\\\/logo-montessori.png\",\"contentUrl\":\"https:\\\/\\\/www.montessoriostrava.cz\\\/ms\\\/wp-content\\\/uploads\\\/sites\\\/4\\\/2025\\\/01\\\/logo-montessori.png\",\"width\":1794,\"height\":527,\"caption\":\"Montessori Ostrava\"},\"image\":{\"@id\":\"https:\\\/\\\/www.montessoriostrava.cz\\\/ms\\\/#\\\/schema\\\/logo\\\/image\\\/\"}},{\"@type\":\"Person\",\"@id\":\"https:\\\/\\\/www.montessoriostrava.cz\\\/ms\\\/#\\\/schema\\\/person\\\/5dc0051888ae972ef0c403e95bd94ab2\",\"name\":\"radanjunger\",\"image\":{\"@type\":\"ImageObject\",\"inLanguage\":\"cs\",\"@id\":\"https:\\\/\\\/secure.gravatar.com\\\/avatar\\\/ea9105630782250b5f04ba9be1c580ace99b35751175b96ec0111f0f8ab7c5df?s=96&d=mm&r=g\",\"url\":\"https:\\\/\\\/secure.gravatar.com\\\/avatar\\\/ea9105630782250b5f04ba9be1c580ace99b35751175b96ec0111f0f8ab7c5df?s=96&d=mm&r=g\",\"contentUrl\":\"https:\\\/\\\/secure.gravatar.com\\\/avatar\\\/ea9105630782250b5f04ba9be1c580ace99b35751175b96ec0111f0f8ab7c5df?s=96&d=mm&r=g\",\"caption\":\"radanjunger\"}}]}<\/script>\n<!-- \/ Yoast SEO plugin. -->","yoast_head_json":{"title":"A prolet\u00edme se i vrtuln\u00edkem? | M\u0160 Montessori Ostrava","description":"Aktuality z mate\u0159sk\u00e9 \u0161koly Montessori Ostrava si m\u016f\u017eete p\u0159e\u010d\u00edst u n\u00e1s na webu. P\u0159e\u010dt\u011bte si nap\u0159. novinku na t\u00e9ma A prolet\u00edme se i vrtuln\u00edkem?.","robots":{"index":"index","follow":"follow","max-snippet":"max-snippet:-1","max-image-preview":"max-image-preview:large","max-video-preview":"max-video-preview:-1"},"canonical":"https:\/\/www.montessoriostrava.cz\/ms\/a-proletime-se-i-vrtulnikem\/","og_locale":"cs_CZ","og_type":"article","og_title":"A prolet\u00edme se i vrtuln\u00edkem? | M\u0160 Montessori Ostrava","og_description":"Aktuality z mate\u0159sk\u00e9 \u0161koly Montessori Ostrava si m\u016f\u017eete p\u0159e\u010d\u00edst u n\u00e1s na webu. P\u0159e\u010dt\u011bte si nap\u0159. novinku na t\u00e9ma A prolet\u00edme se i vrtuln\u00edkem?.","og_url":"https:\/\/www.montessoriostrava.cz\/ms\/a-proletime-se-i-vrtulnikem\/","og_site_name":"M\u0160 Montessori Ostrava","article_published_time":"2018-05-28T08:55:00+00:00","article_modified_time":"2025-03-11T07:44:10+00:00","og_image":[{"width":1600,"height":1200,"url":"https:\/\/www.montessoriostrava.cz\/ms\/wp-content\/uploads\/sites\/4\/2025\/01\/materska-skola-monte-112_1.jpg","type":"image\/jpeg"}],"author":"radanjunger","twitter_card":"summary_large_image","twitter_misc":{"Napsal(a)":"radanjunger","Odhadovan\u00e1 doba \u010dten\u00ed":"2 minuty"},"schema":{"@context":"https:\/\/schema.org","@graph":[{"@type":"Article","@id":"https:\/\/www.montessoriostrava.cz\/ms\/a-proletime-se-i-vrtulnikem\/#article","isPartOf":{"@id":"https:\/\/www.montessoriostrava.cz\/ms\/a-proletime-se-i-vrtulnikem\/"},"author":{"name":"radanjunger","@id":"https:\/\/www.montessoriostrava.cz\/ms\/#\/schema\/person\/5dc0051888ae972ef0c403e95bd94ab2"},"headline":"A prolet\u00edme se i vrtuln\u00edkem?","datePublished":"2018-05-28T08:55:00+00:00","dateModified":"2025-03-11T07:44:10+00:00","mainEntityOfPage":{"@id":"https:\/\/www.montessoriostrava.cz\/ms\/a-proletime-se-i-vrtulnikem\/"},"wordCount":130,"publisher":{"@id":"https:\/\/www.montessoriostrava.cz\/ms\/#organization"},"image":{"@id":"https:\/\/www.montessoriostrava.cz\/ms\/a-proletime-se-i-vrtulnikem\/#primaryimage"},"thumbnailUrl":"https:\/\/www.montessoriostrava.cz\/ms\/wp-content\/uploads\/sites\/4\/2025\/01\/materska-skola-monte-112_1.jpg","inLanguage":"cs"},{"@type":"WebPage","@id":"https:\/\/www.montessoriostrava.cz\/ms\/a-proletime-se-i-vrtulnikem\/","url":"https:\/\/www.montessoriostrava.cz\/ms\/a-proletime-se-i-vrtulnikem\/","name":"A prolet\u00edme se i vrtuln\u00edkem? | M\u0160 Montessori Ostrava","isPartOf":{"@id":"https:\/\/www.montessoriostrava.cz\/ms\/#website"},"primaryImageOfPage":{"@id":"https:\/\/www.montessoriostrava.cz\/ms\/a-proletime-se-i-vrtulnikem\/#primaryimage"},"image":{"@id":"https:\/\/www.montessoriostrava.cz\/ms\/a-proletime-se-i-vrtulnikem\/#primaryimage"},"thumbnailUrl":"https:\/\/www.montessoriostrava.cz\/ms\/wp-content\/uploads\/sites\/4\/2025\/01\/materska-skola-monte-112_1.jpg","datePublished":"2018-05-28T08:55:00+00:00","dateModified":"2025-03-11T07:44:10+00:00","description":"Aktuality z mate\u0159sk\u00e9 \u0161koly Montessori Ostrava si m\u016f\u017eete p\u0159e\u010d\u00edst u n\u00e1s na webu. P\u0159e\u010dt\u011bte si nap\u0159. novinku na t\u00e9ma A prolet\u00edme se i vrtuln\u00edkem?.","breadcrumb":{"@id":"https:\/\/www.montessoriostrava.cz\/ms\/a-proletime-se-i-vrtulnikem\/#breadcrumb"},"inLanguage":"cs","potentialAction":[{"@type":"ReadAction","target":["https:\/\/www.montessoriostrava.cz\/ms\/a-proletime-se-i-vrtulnikem\/"]}]},{"@type":"ImageObject","inLanguage":"cs","@id":"https:\/\/www.montessoriostrava.cz\/ms\/a-proletime-se-i-vrtulnikem\/#primaryimage","url":"https:\/\/www.montessoriostrava.cz\/ms\/wp-content\/uploads\/sites\/4\/2025\/01\/materska-skola-monte-112_1.jpg","contentUrl":"https:\/\/www.montessoriostrava.cz\/ms\/wp-content\/uploads\/sites\/4\/2025\/01\/materska-skola-monte-112_1.jpg","width":1600,"height":1200},{"@type":"BreadcrumbList","@id":"https:\/\/www.montessoriostrava.cz\/ms\/a-proletime-se-i-vrtulnikem\/#breadcrumb","itemListElement":[{"@type":"ListItem","position":1,"name":"Dom\u016f","item":"https:\/\/www.montessoriostrava.cz\/ms\/"},{"@type":"ListItem","position":2,"name":"A prolet\u00edme se i vrtuln\u00edkem?"}]},{"@type":"WebSite","@id":"https:\/\/www.montessoriostrava.cz\/ms\/#website","url":"https:\/\/www.montessoriostrava.cz\/ms\/","name":"M\u0160 Montessori Ostrava","description":"","publisher":{"@id":"https:\/\/www.montessoriostrava.cz\/ms\/#organization"},"potentialAction":[{"@type":"SearchAction","target":{"@type":"EntryPoint","urlTemplate":"https:\/\/www.montessoriostrava.cz\/ms\/?s={search_term_string}"},"query-input":{"@type":"PropertyValueSpecification","valueRequired":true,"valueName":"search_term_string"}}],"inLanguage":"cs"},{"@type":"Organization","@id":"https:\/\/www.montessoriostrava.cz\/ms\/#organization","name":"Montessori Ostrava","url":"https:\/\/www.montessoriostrava.cz\/ms\/","logo":{"@type":"ImageObject","inLanguage":"cs","@id":"https:\/\/www.montessoriostrava.cz\/ms\/#\/schema\/logo\/image\/","url":"https:\/\/www.montessoriostrava.cz\/ms\/wp-content\/uploads\/sites\/4\/2025\/01\/logo-montessori.png","contentUrl":"https:\/\/www.montessoriostrava.cz\/ms\/wp-content\/uploads\/sites\/4\/2025\/01\/logo-montessori.png","width":1794,"height":527,"caption":"Montessori Ostrava"},"image":{"@id":"https:\/\/www.montessoriostrava.cz\/ms\/#\/schema\/logo\/image\/"}},{"@type":"Person","@id":"https:\/\/www.montessoriostrava.cz\/ms\/#\/schema\/person\/5dc0051888ae972ef0c403e95bd94ab2","name":"radanjunger","image":{"@type":"ImageObject","inLanguage":"cs","@id":"https:\/\/secure.gravatar.com\/avatar\/ea9105630782250b5f04ba9be1c580ace99b35751175b96ec0111f0f8ab7c5df?s=96&d=mm&r=g","url":"https:\/\/secure.gravatar.com\/avatar\/ea9105630782250b5f04ba9be1c580ace99b35751175b96ec0111f0f8ab7c5df?s=96&d=mm&r=g","contentUrl":"https:\/\/secure.gravatar.com\/avatar\/ea9105630782250b5f04ba9be1c580ace99b35751175b96ec0111f0f8ab7c5df?s=96&d=mm&r=g","caption":"radanjunger"}}]}},"_links":{"self":[{"href":"https:\/\/www.montessoriostrava.cz\/ms\/wp-json\/wp\/v2\/posts\/690","targetHints":{"allow":["GET"]}}],"collection":[{"href":"https:\/\/www.montessoriostrava.cz\/ms\/wp-json\/wp\/v2\/posts"}],"about":[{"href":"https:\/\/www.montessoriostrava.cz\/ms\/wp-json\/wp\/v2\/types\/post"}],"author":[{"embeddable":true,"href":"https:\/\/www.montessoriostrava.cz\/ms\/wp-json\/wp\/v2\/users\/3"}],"replies":[{"embeddable":true,"href":"https:\/\/www.montessoriostrava.cz\/ms\/wp-json\/wp\/v2\/comments?post=690"}],"version-history":[{"count":4,"href":"https:\/\/www.montessoriostrava.cz\/ms\/wp-json\/wp\/v2\/posts\/690\/revisions"}],"predecessor-version":[{"id":1176,"href":"https:\/\/www.montessoriostrava.cz\/ms\/wp-json\/wp\/v2\/posts\/690\/revisions\/1176"}],"wp:featuredmedia":[{"embeddable":true,"href":"https:\/\/www.montessoriostrava.cz\/ms\/wp-json\/wp\/v2\/media\/691"}],"wp:attachment":[{"href":"https:\/\/www.montessoriostrava.cz\/ms\/wp-json\/wp\/v2\/media?parent=690"}],"wp:term":[{"taxonomy":"category","embeddable":true,"href":"https:\/\/www.montessoriostrava.cz\/ms\/wp-json\/wp\/v2\/categories?post=690"},{"taxonomy":"post_tag","embeddable":true,"href":"https:\/\/www.montessoriostrava.cz\/ms\/wp-json\/wp\/v2\/tags?post=690"}],"curies":[{"name":"wp","href":"https:\/\/api.w.org\/{rel}","templated":true}]}}