{"id":908,"date":"2017-10-03T13:44:00","date_gmt":"2017-10-03T11:44:00","guid":{"rendered":"https:\/\/www.montessoriostrava.cz\/ms\/?p=908"},"modified":"2025-02-03T14:07:24","modified_gmt":"2025-02-03T13:07:24","slug":"co-kdyz-dite-nechce-chodit-do-skolky","status":"publish","type":"post","link":"https:\/\/www.montessoriostrava.cz\/ms\/co-kdyz-dite-nechce-chodit-do-skolky\/","title":{"rendered":"Co kdy\u017e d\u00edt\u011b nechce chodit do \u0161kolky?"},"content":{"rendered":"\n<p>V&nbsp;dne\u0161n\u00edm \u010dl\u00e1nku se pod\u00edv\u00e1me na problematiku p\u0159\u00edzna\u010dnou pro prvn\u00ed m\u011bs\u00edce doch\u00e1zky do nov\u00e9ho prost\u0159ed\u00ed \u2013 \u0161kolky. Co d\u011bl\u00e1me v&nbsp;na\u0161\u00ed \u0161kolce, kdy\u017e se d\u00edt\u011b BOJ\u00cd, NECHCE, nebo ho NEBAV\u00cd chodit do \u0161kolky?<\/p>\n\n\n<div class=\"wp-block-image\">\n<figure class=\"aligncenter size-full\"><img loading=\"lazy\" decoding=\"async\" width=\"1024\" height=\"683\" src=\"https:\/\/www.montessoriostrava.cz\/ms\/wp-content\/uploads\/sites\/4\/2025\/01\/DSC9335-1024x683-1.jpg\" alt=\"Co kdy\u017e d\u00edt\u011b nechce chodit do \u0161kolky?\" class=\"wp-image-909\" srcset=\"https:\/\/www.montessoriostrava.cz\/ms\/wp-content\/uploads\/sites\/4\/2025\/01\/DSC9335-1024x683-1.jpg 1024w, https:\/\/www.montessoriostrava.cz\/ms\/wp-content\/uploads\/sites\/4\/2025\/01\/DSC9335-1024x683-1-300x200.jpg 300w, https:\/\/www.montessoriostrava.cz\/ms\/wp-content\/uploads\/sites\/4\/2025\/01\/DSC9335-1024x683-1-768x512.jpg 768w\" sizes=\"auto, (max-width: 1024px) 100vw, 1024px\" \/><\/figure>\n<\/div>\n\n\n<h2 class=\"wp-block-heading\">Kdy\u017e se d\u00edt\u011b&nbsp;boj\u00ed&nbsp;chodit do \u0161kolky<\/h2>\n\n\n\n<p>Strach ze \u0161kolky m\u016f\u017ee pramenit jen z&nbsp;toho, \u017ee se jedn\u00e1 o nov\u00e9 prost\u0159ed\u00ed a nov\u00e9 lidi, se kter\u00fdmi se d\u00edt\u011b setk\u00e1 \u2013 tj. strach z&nbsp;nezn\u00e1m\u00e9ho. A proto p\u0159\u00edstup u\u010ditele hraje prim. V\u00edme, \u017ee d\u00edt\u011b se c\u00edt\u00ed dob\u0159e tam, kde je v&nbsp;bezpe\u010d\u00ed. Autoritativn\u00edm p\u0159\u00edstupem bychom ni\u010deho nedos\u00e1hli. N\u00e1\u0161 u\u010ditel je vyrovnan\u00fd a klidn\u00fd partner \u2013 kamar\u00e1d. M\u00e1 k d\u011btem v\u0159el\u00fd a laskav\u00fd p\u0159\u00edstup. U n\u00e1s nikdo nezvedne hlas a nek\u0159i\u010d\u00ed, nikdo nerozkazuje, a\u0165 se d\u011bje cokoli. A na\u0161e d\u011bti se pot\u00e9 chovaj\u00ed stejn\u011b, jednodu\u0161e opakuj\u00ed chov\u00e1n\u00ed dosp\u011bl\u00fdch. Laskav\u00fd p\u0159\u00edstup se tak p\u0159irozen\u011b \u0161\u00ed\u0159\u00ed i mezi d\u011btmi samotn\u00fdmi.<\/p>\n\n\n\n<p>V\u0159el\u00e9 a p\u0159\u00e1telsk\u00e9 prost\u0159ed\u00ed velmi pom\u00e1h\u00e1 nov\u00e9mu d\u00edt\u011bti v&nbsp;adaptaci na \u0161kolku&nbsp;<em>(tj. zvyknout si na nov\u00e9 prost\u0159ed\u00ed, nov\u00e9 lidi, re\u017eim \u0161kolky, aj.)<\/em>. S&nbsp;p\u0159ib\u00fdvaj\u00edc\u00edm \u010dasem se tak \u010dasto st\u00e1v\u00e1, \u017ee d\u011bti, kter\u00e9 d\u0159\u00edve chodit do \u0161kolky necht\u011bly, chod\u00ed do \u0161kolky naopak r\u00e1dy.<\/p>\n\n\n\n<h2 class=\"wp-block-heading\">Kdy\u017e d\u00edt\u011b&nbsp;nechce&nbsp;chodit do \u0161kolky<\/h2>\n\n\n\n<p>N\u011bkdy d\u00edt\u011b nechce chodit do \u0161kolky proto, \u017ee je\u0161t\u011b nen\u00ed na ni p\u0159ipraveno a zral\u00e9. A nen\u00ed to jen ot\u00e1zka v\u011bku. Tak jako pozn\u00e1 maminka r\u016fznorodost v&nbsp;pl\u00e1\u010di sv\u00e9ho d\u00edt\u011bte, tak Montessori u\u010ditel pozn\u00e1 podle druhu pl\u00e1\u010de, zda je d\u00edt\u011b na \u0161kolku na zral\u00e9 \u010di nikoli. N\u011bkdy ov\u0161em nechce chodit do \u0161kolky, proto\u017ee se zkr\u00e1tka nud\u00ed. Hromada hra\u010dek, podobn\u00fdch t\u011bm, co m\u00e1 doma je zkr\u00e1tka nebav\u00ed.<\/p>\n\n\n\n<p>V MONTE \u0161kolce je d\u011btem denn\u011b nab\u00edzen\u00fd program a \u010dinnosti, kter\u00e9 jim napl\u0148uj\u00ed pot\u0159ebu experimentov\u00e1n\u00ed a objevov\u00e1n\u00ed. V\u017edy\u0165 p\u0159ece ka\u017ed\u00e1 hol\u010di\u010dka si chce vyzkou\u0161et va\u0159it a kluci p\u0159ib\u00edt h\u0159eb\u00edk, \u010di za\u0161roubovat \u0161roubek \u0161roubov\u00e1kem. Skute\u010dn\u00fd sv\u011bt je d\u011btem p\u0159edkl\u00e1d\u00e1n takov\u00fd, jak\u00fd je. Proto u n\u00e1s maj\u00ed d\u011bti skute\u010dnou troubu na pe\u010den\u00ed nebo skute\u010dn\u00fd mop. Jednodu\u0161e skute\u010dn\u00fd sv\u011bt je velk\u00e1 z\u00e1bava objevovat. A tak se u n\u00e1s d\u011bti nenud\u00ed a d\u011bti k&nbsp;n\u00e1m cht\u011bj\u00ed chodit do \u0161kolky.<\/p>\n\n\n<div class=\"wp-block-image\">\n<figure class=\"aligncenter size-full\"><img loading=\"lazy\" decoding=\"async\" width=\"1024\" height=\"683\" src=\"https:\/\/www.montessoriostrava.cz\/ms\/wp-content\/uploads\/sites\/4\/2025\/01\/DSC9502-1024x683-1.jpg\" alt=\"Co kdy\u017e d\u00edt\u011b nechce chodit do \u0161kolky?\" class=\"wp-image-904\" srcset=\"https:\/\/www.montessoriostrava.cz\/ms\/wp-content\/uploads\/sites\/4\/2025\/01\/DSC9502-1024x683-1.jpg 1024w, https:\/\/www.montessoriostrava.cz\/ms\/wp-content\/uploads\/sites\/4\/2025\/01\/DSC9502-1024x683-1-300x200.jpg 300w, https:\/\/www.montessoriostrava.cz\/ms\/wp-content\/uploads\/sites\/4\/2025\/01\/DSC9502-1024x683-1-768x512.jpg 768w\" sizes=\"auto, (max-width: 1024px) 100vw, 1024px\" \/><\/figure>\n<\/div>\n\n\n<h2 class=\"wp-block-heading\">Kdy\u017e ho \u0161kolka&nbsp;nebav\u00ed<\/h2>\n\n\n\n<p>Na\u0161e d\u011bti se do \u010dinnost\u00ed nenut\u00ed. Nejen\u017ee \u010dinnosti jsou p\u0159ita\u017eliv\u00e9 samy o sob\u011b, ale ka\u017ed\u00e9 d\u00edt\u011b m\u00e1 v&nbsp;sob\u011b vnit\u0159n\u00ed touhou objevovat.<\/p>\n\n\n\n<p>Ji\u017e od 2 let \u010dasto d\u00edt\u011b \u017e\u00e1d\u00e1 dosp\u011bl\u00e9ho \u201ej\u00e1 s\u00e1m, j\u00e1, j\u00e1\u201c\u2026 Na\u0161e metoda d\u00e1v\u00e1 p\u0159\u00edle\u017eitost d\u00edt\u011bti objevit to, co u\u017e dosp\u011bl\u00ed d\u00e1vno v\u011bd\u00ed \u2013 ale proces zji\u0161t\u011bn\u00ed, \u017ee TO d\u00edt\u011b zvl\u00e1dlo samo, p\u0159in\u00e1\u0161\u00ed d\u00edt\u011bti pocit obrovsk\u00e9ho \u00fasp\u011bchu a napln\u011bn\u00ed. Dosp\u011bl\u00ed v\u0161ak \u010dasto ve snaze d\u00edt\u011bti pomoci je o tato zji\u0161t\u011bn\u00ed (\u201eaha, takhle to tedy funguje\u201c) p\u0159ipravuj\u00ed. Proto podporujeme uv\u011bdom\u011bn\u00ed d\u00edt\u011bte v&nbsp;maxim\u00e1ln\u00ed m\u00ed\u0159e.<\/p>\n\n\n\n<p>Vid\u00edte? Nen\u00ed to tak obt\u00ed\u017en\u00e9. Jist\u011b, ch\u00e1peme, \u017ee v&nbsp;mnoh\u00fdch \u0161kol\u00e1ch nelze individu\u00e1ln\u011b p\u0159istupovat k&nbsp;d\u00edt\u011bti, ale takto dokazujeme, \u017ee i v&nbsp;Ostrav\u011b mohou b\u00fdt d\u011bti vychov\u00e1v\u00e1ny k&nbsp;samostatnosti a k sebe\u00fact\u011b.<a href=\"https:\/\/www.montessoriostrava.cz\/ms\/2017\/10\/03\/\"><\/a><\/p>\n","protected":false},"excerpt":{"rendered":"<p>V&nbsp;dne\u0161n\u00edm \u010dl\u00e1nku se pod\u00edv\u00e1me na problematiku p\u0159\u00edzna\u010dnou pro prvn\u00ed m\u011bs\u00edce doch\u00e1zky do nov\u00e9ho prost\u0159ed\u00ed \u2013 \u0161kolky. Co d\u011bl\u00e1me v&nbsp;na\u0161\u00ed \u0161kolce, kdy\u017e se d\u00edt\u011b BOJ\u00cd, NECHCE, nebo ho NEBAV\u00cd chodit do \u0161kolky? Kdy\u017e se d\u00edt\u011b&nbsp;boj\u00ed&nbsp;chodit do \u0161kolky Strach ze \u0161kolky m\u016f\u017ee pramenit jen z&nbsp;toho, \u017ee se jedn\u00e1 o nov\u00e9 prost\u0159ed\u00ed a nov\u00e9 lidi, se kter\u00fdmi se [&hellip;]<\/p>\n","protected":false},"author":3,"featured_media":909,"comment_status":"closed","ping_status":"closed","sticky":false,"template":"","format":"standard","meta":{"footnotes":""},"categories":[1],"tags":[],"class_list":["post-908","post","type-post","status-publish","format-standard","has-post-thumbnail","hentry","category-nezarazene"],"acf":[],"yoast_head":"<!-- This site is optimized with the Yoast SEO plugin v27.5 - https:\/\/yoast.com\/product\/yoast-seo-wordpress\/ -->\n<title>Co kdy\u017e d\u00edt\u011b nechce chodit do \u0161kolky? | M\u0160 Montessori Ostrava<\/title>\n<meta name=\"description\" content=\"Aktuality z mate\u0159sk\u00e9 \u0161koly Montessori Ostrava si m\u016f\u017eete p\u0159e\u010d\u00edst u n\u00e1s na webu. P\u0159e\u010dt\u011bte si nap\u0159. novinku na t\u00e9ma Co kdy\u017e d\u00edt\u011b nechce chodit do \u0161kolky?.\" \/>\n<meta name=\"robots\" content=\"index, follow, max-snippet:-1, max-image-preview:large, max-video-preview:-1\" \/>\n<link rel=\"canonical\" href=\"https:\/\/www.montessoriostrava.cz\/ms\/co-kdyz-dite-nechce-chodit-do-skolky\/\" \/>\n<meta property=\"og:locale\" content=\"cs_CZ\" \/>\n<meta property=\"og:type\" content=\"article\" \/>\n<meta property=\"og:title\" content=\"Co kdy\u017e d\u00edt\u011b nechce chodit do \u0161kolky? | M\u0160 Montessori Ostrava\" \/>\n<meta property=\"og:description\" content=\"Aktuality z mate\u0159sk\u00e9 \u0161koly Montessori Ostrava si m\u016f\u017eete p\u0159e\u010d\u00edst u n\u00e1s na webu. P\u0159e\u010dt\u011bte si nap\u0159. novinku na t\u00e9ma Co kdy\u017e d\u00edt\u011b nechce chodit do \u0161kolky?.\" \/>\n<meta property=\"og:url\" content=\"https:\/\/www.montessoriostrava.cz\/ms\/co-kdyz-dite-nechce-chodit-do-skolky\/\" \/>\n<meta property=\"og:site_name\" content=\"M\u0160 Montessori Ostrava\" \/>\n<meta property=\"article:published_time\" content=\"2017-10-03T11:44:00+00:00\" \/>\n<meta property=\"article:modified_time\" content=\"2025-02-03T13:07:24+00:00\" \/>\n<meta property=\"og:image\" content=\"https:\/\/www.montessoriostrava.cz\/ms\/wp-content\/uploads\/sites\/4\/2025\/01\/DSC9335-1024x683-1.jpg\" \/>\n\t<meta property=\"og:image:width\" content=\"1024\" \/>\n\t<meta property=\"og:image:height\" content=\"683\" \/>\n\t<meta property=\"og:image:type\" content=\"image\/jpeg\" \/>\n<meta name=\"author\" content=\"radanjunger\" \/>\n<meta name=\"twitter:card\" content=\"summary_large_image\" \/>\n<meta name=\"twitter:label1\" content=\"Napsal(a)\" \/>\n\t<meta name=\"twitter:data1\" content=\"radanjunger\" \/>\n\t<meta name=\"twitter:label2\" content=\"Odhadovan\u00e1 doba \u010dten\u00ed\" \/>\n\t<meta name=\"twitter:data2\" content=\"4 minuty\" \/>\n<script type=\"application\/ld+json\" class=\"yoast-schema-graph\">{\"@context\":\"https:\\\/\\\/schema.org\",\"@graph\":[{\"@type\":\"Article\",\"@id\":\"https:\\\/\\\/www.montessoriostrava.cz\\\/ms\\\/co-kdyz-dite-nechce-chodit-do-skolky\\\/#article\",\"isPartOf\":{\"@id\":\"https:\\\/\\\/www.montessoriostrava.cz\\\/ms\\\/co-kdyz-dite-nechce-chodit-do-skolky\\\/\"},\"author\":{\"name\":\"radanjunger\",\"@id\":\"https:\\\/\\\/www.montessoriostrava.cz\\\/ms\\\/#\\\/schema\\\/person\\\/5dc0051888ae972ef0c403e95bd94ab2\"},\"headline\":\"Co kdy\u017e d\u00edt\u011b nechce chodit do \u0161kolky?\",\"datePublished\":\"2017-10-03T11:44:00+00:00\",\"dateModified\":\"2025-02-03T13:07:24+00:00\",\"mainEntityOfPage\":{\"@id\":\"https:\\\/\\\/www.montessoriostrava.cz\\\/ms\\\/co-kdyz-dite-nechce-chodit-do-skolky\\\/\"},\"wordCount\":662,\"publisher\":{\"@id\":\"https:\\\/\\\/www.montessoriostrava.cz\\\/ms\\\/#organization\"},\"image\":{\"@id\":\"https:\\\/\\\/www.montessoriostrava.cz\\\/ms\\\/co-kdyz-dite-nechce-chodit-do-skolky\\\/#primaryimage\"},\"thumbnailUrl\":\"https:\\\/\\\/www.montessoriostrava.cz\\\/ms\\\/wp-content\\\/uploads\\\/sites\\\/4\\\/2025\\\/01\\\/DSC9335-1024x683-1.jpg\",\"inLanguage\":\"cs\"},{\"@type\":\"WebPage\",\"@id\":\"https:\\\/\\\/www.montessoriostrava.cz\\\/ms\\\/co-kdyz-dite-nechce-chodit-do-skolky\\\/\",\"url\":\"https:\\\/\\\/www.montessoriostrava.cz\\\/ms\\\/co-kdyz-dite-nechce-chodit-do-skolky\\\/\",\"name\":\"Co kdy\u017e d\u00edt\u011b nechce chodit do \u0161kolky? | M\u0160 Montessori Ostrava\",\"isPartOf\":{\"@id\":\"https:\\\/\\\/www.montessoriostrava.cz\\\/ms\\\/#website\"},\"primaryImageOfPage\":{\"@id\":\"https:\\\/\\\/www.montessoriostrava.cz\\\/ms\\\/co-kdyz-dite-nechce-chodit-do-skolky\\\/#primaryimage\"},\"image\":{\"@id\":\"https:\\\/\\\/www.montessoriostrava.cz\\\/ms\\\/co-kdyz-dite-nechce-chodit-do-skolky\\\/#primaryimage\"},\"thumbnailUrl\":\"https:\\\/\\\/www.montessoriostrava.cz\\\/ms\\\/wp-content\\\/uploads\\\/sites\\\/4\\\/2025\\\/01\\\/DSC9335-1024x683-1.jpg\",\"datePublished\":\"2017-10-03T11:44:00+00:00\",\"dateModified\":\"2025-02-03T13:07:24+00:00\",\"description\":\"Aktuality z mate\u0159sk\u00e9 \u0161koly Montessori Ostrava si m\u016f\u017eete p\u0159e\u010d\u00edst u n\u00e1s na webu. P\u0159e\u010dt\u011bte si nap\u0159. novinku na t\u00e9ma Co kdy\u017e d\u00edt\u011b nechce chodit do \u0161kolky?.\",\"breadcrumb\":{\"@id\":\"https:\\\/\\\/www.montessoriostrava.cz\\\/ms\\\/co-kdyz-dite-nechce-chodit-do-skolky\\\/#breadcrumb\"},\"inLanguage\":\"cs\",\"potentialAction\":[{\"@type\":\"ReadAction\",\"target\":[\"https:\\\/\\\/www.montessoriostrava.cz\\\/ms\\\/co-kdyz-dite-nechce-chodit-do-skolky\\\/\"]}]},{\"@type\":\"ImageObject\",\"inLanguage\":\"cs\",\"@id\":\"https:\\\/\\\/www.montessoriostrava.cz\\\/ms\\\/co-kdyz-dite-nechce-chodit-do-skolky\\\/#primaryimage\",\"url\":\"https:\\\/\\\/www.montessoriostrava.cz\\\/ms\\\/wp-content\\\/uploads\\\/sites\\\/4\\\/2025\\\/01\\\/DSC9335-1024x683-1.jpg\",\"contentUrl\":\"https:\\\/\\\/www.montessoriostrava.cz\\\/ms\\\/wp-content\\\/uploads\\\/sites\\\/4\\\/2025\\\/01\\\/DSC9335-1024x683-1.jpg\",\"width\":1024,\"height\":683},{\"@type\":\"BreadcrumbList\",\"@id\":\"https:\\\/\\\/www.montessoriostrava.cz\\\/ms\\\/co-kdyz-dite-nechce-chodit-do-skolky\\\/#breadcrumb\",\"itemListElement\":[{\"@type\":\"ListItem\",\"position\":1,\"name\":\"Dom\u016f\",\"item\":\"https:\\\/\\\/www.montessoriostrava.cz\\\/ms\\\/\"},{\"@type\":\"ListItem\",\"position\":2,\"name\":\"Co kdy\u017e d\u00edt\u011b nechce chodit do \u0161kolky?\"}]},{\"@type\":\"WebSite\",\"@id\":\"https:\\\/\\\/www.montessoriostrava.cz\\\/ms\\\/#website\",\"url\":\"https:\\\/\\\/www.montessoriostrava.cz\\\/ms\\\/\",\"name\":\"M\u0160 Montessori Ostrava\",\"description\":\"\",\"publisher\":{\"@id\":\"https:\\\/\\\/www.montessoriostrava.cz\\\/ms\\\/#organization\"},\"potentialAction\":[{\"@type\":\"SearchAction\",\"target\":{\"@type\":\"EntryPoint\",\"urlTemplate\":\"https:\\\/\\\/www.montessoriostrava.cz\\\/ms\\\/?s={search_term_string}\"},\"query-input\":{\"@type\":\"PropertyValueSpecification\",\"valueRequired\":true,\"valueName\":\"search_term_string\"}}],\"inLanguage\":\"cs\"},{\"@type\":\"Organization\",\"@id\":\"https:\\\/\\\/www.montessoriostrava.cz\\\/ms\\\/#organization\",\"name\":\"Montessori Ostrava\",\"url\":\"https:\\\/\\\/www.montessoriostrava.cz\\\/ms\\\/\",\"logo\":{\"@type\":\"ImageObject\",\"inLanguage\":\"cs\",\"@id\":\"https:\\\/\\\/www.montessoriostrava.cz\\\/ms\\\/#\\\/schema\\\/logo\\\/image\\\/\",\"url\":\"https:\\\/\\\/www.montessoriostrava.cz\\\/ms\\\/wp-content\\\/uploads\\\/sites\\\/4\\\/2025\\\/01\\\/logo-montessori.png\",\"contentUrl\":\"https:\\\/\\\/www.montessoriostrava.cz\\\/ms\\\/wp-content\\\/uploads\\\/sites\\\/4\\\/2025\\\/01\\\/logo-montessori.png\",\"width\":1794,\"height\":527,\"caption\":\"Montessori Ostrava\"},\"image\":{\"@id\":\"https:\\\/\\\/www.montessoriostrava.cz\\\/ms\\\/#\\\/schema\\\/logo\\\/image\\\/\"}},{\"@type\":\"Person\",\"@id\":\"https:\\\/\\\/www.montessoriostrava.cz\\\/ms\\\/#\\\/schema\\\/person\\\/5dc0051888ae972ef0c403e95bd94ab2\",\"name\":\"radanjunger\",\"image\":{\"@type\":\"ImageObject\",\"inLanguage\":\"cs\",\"@id\":\"https:\\\/\\\/secure.gravatar.com\\\/avatar\\\/ea9105630782250b5f04ba9be1c580ace99b35751175b96ec0111f0f8ab7c5df?s=96&d=mm&r=g\",\"url\":\"https:\\\/\\\/secure.gravatar.com\\\/avatar\\\/ea9105630782250b5f04ba9be1c580ace99b35751175b96ec0111f0f8ab7c5df?s=96&d=mm&r=g\",\"contentUrl\":\"https:\\\/\\\/secure.gravatar.com\\\/avatar\\\/ea9105630782250b5f04ba9be1c580ace99b35751175b96ec0111f0f8ab7c5df?s=96&d=mm&r=g\",\"caption\":\"radanjunger\"}}]}<\/script>\n<!-- \/ Yoast SEO plugin. -->","yoast_head_json":{"title":"Co kdy\u017e d\u00edt\u011b nechce chodit do \u0161kolky? | M\u0160 Montessori Ostrava","description":"Aktuality z mate\u0159sk\u00e9 \u0161koly Montessori Ostrava si m\u016f\u017eete p\u0159e\u010d\u00edst u n\u00e1s na webu. P\u0159e\u010dt\u011bte si nap\u0159. novinku na t\u00e9ma Co kdy\u017e d\u00edt\u011b nechce chodit do \u0161kolky?.","robots":{"index":"index","follow":"follow","max-snippet":"max-snippet:-1","max-image-preview":"max-image-preview:large","max-video-preview":"max-video-preview:-1"},"canonical":"https:\/\/www.montessoriostrava.cz\/ms\/co-kdyz-dite-nechce-chodit-do-skolky\/","og_locale":"cs_CZ","og_type":"article","og_title":"Co kdy\u017e d\u00edt\u011b nechce chodit do \u0161kolky? | M\u0160 Montessori Ostrava","og_description":"Aktuality z mate\u0159sk\u00e9 \u0161koly Montessori Ostrava si m\u016f\u017eete p\u0159e\u010d\u00edst u n\u00e1s na webu. P\u0159e\u010dt\u011bte si nap\u0159. novinku na t\u00e9ma Co kdy\u017e d\u00edt\u011b nechce chodit do \u0161kolky?.","og_url":"https:\/\/www.montessoriostrava.cz\/ms\/co-kdyz-dite-nechce-chodit-do-skolky\/","og_site_name":"M\u0160 Montessori Ostrava","article_published_time":"2017-10-03T11:44:00+00:00","article_modified_time":"2025-02-03T13:07:24+00:00","og_image":[{"width":1024,"height":683,"url":"https:\/\/www.montessoriostrava.cz\/ms\/wp-content\/uploads\/sites\/4\/2025\/01\/DSC9335-1024x683-1.jpg","type":"image\/jpeg"}],"author":"radanjunger","twitter_card":"summary_large_image","twitter_misc":{"Napsal(a)":"radanjunger","Odhadovan\u00e1 doba \u010dten\u00ed":"4 minuty"},"schema":{"@context":"https:\/\/schema.org","@graph":[{"@type":"Article","@id":"https:\/\/www.montessoriostrava.cz\/ms\/co-kdyz-dite-nechce-chodit-do-skolky\/#article","isPartOf":{"@id":"https:\/\/www.montessoriostrava.cz\/ms\/co-kdyz-dite-nechce-chodit-do-skolky\/"},"author":{"name":"radanjunger","@id":"https:\/\/www.montessoriostrava.cz\/ms\/#\/schema\/person\/5dc0051888ae972ef0c403e95bd94ab2"},"headline":"Co kdy\u017e d\u00edt\u011b nechce chodit do \u0161kolky?","datePublished":"2017-10-03T11:44:00+00:00","dateModified":"2025-02-03T13:07:24+00:00","mainEntityOfPage":{"@id":"https:\/\/www.montessoriostrava.cz\/ms\/co-kdyz-dite-nechce-chodit-do-skolky\/"},"wordCount":662,"publisher":{"@id":"https:\/\/www.montessoriostrava.cz\/ms\/#organization"},"image":{"@id":"https:\/\/www.montessoriostrava.cz\/ms\/co-kdyz-dite-nechce-chodit-do-skolky\/#primaryimage"},"thumbnailUrl":"https:\/\/www.montessoriostrava.cz\/ms\/wp-content\/uploads\/sites\/4\/2025\/01\/DSC9335-1024x683-1.jpg","inLanguage":"cs"},{"@type":"WebPage","@id":"https:\/\/www.montessoriostrava.cz\/ms\/co-kdyz-dite-nechce-chodit-do-skolky\/","url":"https:\/\/www.montessoriostrava.cz\/ms\/co-kdyz-dite-nechce-chodit-do-skolky\/","name":"Co kdy\u017e d\u00edt\u011b nechce chodit do \u0161kolky? | M\u0160 Montessori Ostrava","isPartOf":{"@id":"https:\/\/www.montessoriostrava.cz\/ms\/#website"},"primaryImageOfPage":{"@id":"https:\/\/www.montessoriostrava.cz\/ms\/co-kdyz-dite-nechce-chodit-do-skolky\/#primaryimage"},"image":{"@id":"https:\/\/www.montessoriostrava.cz\/ms\/co-kdyz-dite-nechce-chodit-do-skolky\/#primaryimage"},"thumbnailUrl":"https:\/\/www.montessoriostrava.cz\/ms\/wp-content\/uploads\/sites\/4\/2025\/01\/DSC9335-1024x683-1.jpg","datePublished":"2017-10-03T11:44:00+00:00","dateModified":"2025-02-03T13:07:24+00:00","description":"Aktuality z mate\u0159sk\u00e9 \u0161koly Montessori Ostrava si m\u016f\u017eete p\u0159e\u010d\u00edst u n\u00e1s na webu. P\u0159e\u010dt\u011bte si nap\u0159. novinku na t\u00e9ma Co kdy\u017e d\u00edt\u011b nechce chodit do \u0161kolky?.","breadcrumb":{"@id":"https:\/\/www.montessoriostrava.cz\/ms\/co-kdyz-dite-nechce-chodit-do-skolky\/#breadcrumb"},"inLanguage":"cs","potentialAction":[{"@type":"ReadAction","target":["https:\/\/www.montessoriostrava.cz\/ms\/co-kdyz-dite-nechce-chodit-do-skolky\/"]}]},{"@type":"ImageObject","inLanguage":"cs","@id":"https:\/\/www.montessoriostrava.cz\/ms\/co-kdyz-dite-nechce-chodit-do-skolky\/#primaryimage","url":"https:\/\/www.montessoriostrava.cz\/ms\/wp-content\/uploads\/sites\/4\/2025\/01\/DSC9335-1024x683-1.jpg","contentUrl":"https:\/\/www.montessoriostrava.cz\/ms\/wp-content\/uploads\/sites\/4\/2025\/01\/DSC9335-1024x683-1.jpg","width":1024,"height":683},{"@type":"BreadcrumbList","@id":"https:\/\/www.montessoriostrava.cz\/ms\/co-kdyz-dite-nechce-chodit-do-skolky\/#breadcrumb","itemListElement":[{"@type":"ListItem","position":1,"name":"Dom\u016f","item":"https:\/\/www.montessoriostrava.cz\/ms\/"},{"@type":"ListItem","position":2,"name":"Co kdy\u017e d\u00edt\u011b nechce chodit do \u0161kolky?"}]},{"@type":"WebSite","@id":"https:\/\/www.montessoriostrava.cz\/ms\/#website","url":"https:\/\/www.montessoriostrava.cz\/ms\/","name":"M\u0160 Montessori Ostrava","description":"","publisher":{"@id":"https:\/\/www.montessoriostrava.cz\/ms\/#organization"},"potentialAction":[{"@type":"SearchAction","target":{"@type":"EntryPoint","urlTemplate":"https:\/\/www.montessoriostrava.cz\/ms\/?s={search_term_string}"},"query-input":{"@type":"PropertyValueSpecification","valueRequired":true,"valueName":"search_term_string"}}],"inLanguage":"cs"},{"@type":"Organization","@id":"https:\/\/www.montessoriostrava.cz\/ms\/#organization","name":"Montessori Ostrava","url":"https:\/\/www.montessoriostrava.cz\/ms\/","logo":{"@type":"ImageObject","inLanguage":"cs","@id":"https:\/\/www.montessoriostrava.cz\/ms\/#\/schema\/logo\/image\/","url":"https:\/\/www.montessoriostrava.cz\/ms\/wp-content\/uploads\/sites\/4\/2025\/01\/logo-montessori.png","contentUrl":"https:\/\/www.montessoriostrava.cz\/ms\/wp-content\/uploads\/sites\/4\/2025\/01\/logo-montessori.png","width":1794,"height":527,"caption":"Montessori Ostrava"},"image":{"@id":"https:\/\/www.montessoriostrava.cz\/ms\/#\/schema\/logo\/image\/"}},{"@type":"Person","@id":"https:\/\/www.montessoriostrava.cz\/ms\/#\/schema\/person\/5dc0051888ae972ef0c403e95bd94ab2","name":"radanjunger","image":{"@type":"ImageObject","inLanguage":"cs","@id":"https:\/\/secure.gravatar.com\/avatar\/ea9105630782250b5f04ba9be1c580ace99b35751175b96ec0111f0f8ab7c5df?s=96&d=mm&r=g","url":"https:\/\/secure.gravatar.com\/avatar\/ea9105630782250b5f04ba9be1c580ace99b35751175b96ec0111f0f8ab7c5df?s=96&d=mm&r=g","contentUrl":"https:\/\/secure.gravatar.com\/avatar\/ea9105630782250b5f04ba9be1c580ace99b35751175b96ec0111f0f8ab7c5df?s=96&d=mm&r=g","caption":"radanjunger"}}]}},"_links":{"self":[{"href":"https:\/\/www.montessoriostrava.cz\/ms\/wp-json\/wp\/v2\/posts\/908","targetHints":{"allow":["GET"]}}],"collection":[{"href":"https:\/\/www.montessoriostrava.cz\/ms\/wp-json\/wp\/v2\/posts"}],"about":[{"href":"https:\/\/www.montessoriostrava.cz\/ms\/wp-json\/wp\/v2\/types\/post"}],"author":[{"embeddable":true,"href":"https:\/\/www.montessoriostrava.cz\/ms\/wp-json\/wp\/v2\/users\/3"}],"replies":[{"embeddable":true,"href":"https:\/\/www.montessoriostrava.cz\/ms\/wp-json\/wp\/v2\/comments?post=908"}],"version-history":[{"count":2,"href":"https:\/\/www.montessoriostrava.cz\/ms\/wp-json\/wp\/v2\/posts\/908\/revisions"}],"predecessor-version":[{"id":911,"href":"https:\/\/www.montessoriostrava.cz\/ms\/wp-json\/wp\/v2\/posts\/908\/revisions\/911"}],"wp:featuredmedia":[{"embeddable":true,"href":"https:\/\/www.montessoriostrava.cz\/ms\/wp-json\/wp\/v2\/media\/909"}],"wp:attachment":[{"href":"https:\/\/www.montessoriostrava.cz\/ms\/wp-json\/wp\/v2\/media?parent=908"}],"wp:term":[{"taxonomy":"category","embeddable":true,"href":"https:\/\/www.montessoriostrava.cz\/ms\/wp-json\/wp\/v2\/categories?post=908"},{"taxonomy":"post_tag","embeddable":true,"href":"https:\/\/www.montessoriostrava.cz\/ms\/wp-json\/wp\/v2\/tags?post=908"}],"curies":[{"name":"wp","href":"https:\/\/api.w.org\/{rel}","templated":true}]}}