{"id":964,"date":"2017-04-28T14:37:00","date_gmt":"2017-04-28T12:37:00","guid":{"rendered":"https:\/\/www.montessoriostrava.cz\/ms\/?p=964"},"modified":"2025-02-05T13:54:26","modified_gmt":"2025-02-05T12:54:26","slug":"jak-pripravit-dite-na-skolku","status":"publish","type":"post","link":"https:\/\/www.montessoriostrava.cz\/ms\/jak-pripravit-dite-na-skolku\/","title":{"rendered":"Jak p\u0159ipravit d\u00edt\u011b na \u0161kolku"},"content":{"rendered":"\n<h2 class=\"wp-block-heading\">Od kolika let d\u00e1t d\u00edt\u011b do \u0161kolky?<\/h2>\n\n\n\n<p>Zpravidla se do mate\u0159sk\u00e9 \u0161koly p\u0159ij\u00edmaj\u00ed d\u011bti od t\u0159\u00ed let, ale v&nbsp;sou\u010dasn\u00e9 dob\u011b mate\u0159sk\u00e9 \u0161koly p\u0159ij\u00edmaj\u00ed d\u011bti tak\u00e9 mlad\u0161\u00ed, a to ji\u017e od dvou let. Pokud m\u00e1 Va\u0161e d\u00edt\u011b dva roky, m\u016f\u017eete ji\u017e o z\u00e1pisu do mate\u0159sk\u00e9 \u0161koly uva\u017eovat a d\u00edt\u011b do \u0161kolky d\u00e1t. Ale je t\u0159eba m\u00edt na pam\u011bti, \u017ee rodina je pro d\u00edt\u011b v\u017edy t\u00edm nejd\u016fle\u017eit\u011bj\u0161\u00edm a mate\u0159sk\u00e1 \u0161kola je pouze dopl\u0148kem rodinn\u00e9 v\u00fdchovy. V\u00fdznam mate\u0159sk\u00e9 \u0161koly spo\u010d\u00edv\u00e1 p\u0159edev\u0161\u00edm v&nbsp;soci\u00e1ln\u00ed roli, a to v&nbsp;nav\u00e1z\u00e1n\u00ed nov\u00fdch kontakt\u016f, p\u0159ijet\u00ed role u\u010ditele jako nov\u00e9 osoby, kter\u00e1 s&nbsp;n\u00ed bude tr\u00e1vit \u010das a v osvojen\u00ed si cel\u00e9 \u0159ady spole\u010densk\u00fdch pravidel a norem. D\u00edt\u011b tak\u00e9 z\u00edsk\u00e1v\u00e1 nov\u00e9 znalosti a zku\u0161enosti, kter\u00e9 jim rodi\u010de d\u00e1t nemohou, na rozd\u00edl od kvalifikovan\u00fdch pedagog\u016f. Se z\u00e1pisem do mate\u0159sk\u00e9 \u0161koly dlouho neot\u00e1lejte, proto\u017ee d\u00edt\u011b se mus\u00ed nau\u010dit odpoutat od rodiny v&nbsp;ten spr\u00e1vn\u00fd \u010das. Ka\u017ed\u00e9 je v\u0161ak jin\u00e9 a v\u011bk nen\u00ed jen jedin\u00fdm krit\u00e9riem \u00fasp\u011b\u0161n\u00e9ho zvl\u00e1dnut\u00ed doch\u00e1zky do mate\u0159sk\u00e9 \u0161koly.<\/p>\n\n\n\n<h2 class=\"wp-block-heading\">Jak d\u00edt\u011b podpo\u0159it?<\/h2>\n\n\n\n<p>Boj\u00edte se, \u017ee zrovna va\u0161e dcera nebo syn se ve \u0161kolce nep\u0159izp\u016fsob\u00ed a bude d\u011blat probl\u00e9my? M\u00e1me pro v\u00e1s n\u011bkolik tip\u016f, jak d\u00edt\u011b postupn\u011b p\u0159ipravit:<\/p>\n\n\n\n<ol class=\"wp-block-list\">\n<li>P\u0159edev\u0161\u00edm jde o pohodu rodi\u010d\u016f. D\u00edt\u011b um\u00ed vyc\u00edtit, \u017ee je n\u011bco \u0161patn\u011b a podle toho dok\u00e1\u017ee dob\u0159e nebo \u0161patn\u011b sn\u00e1\u0161et adaptaci na nov\u00e9 prost\u0159ed\u00ed. Ned\u00e1vejte si proto za vinu, \u017ee s&nbsp;n\u00edm nem\u016f\u017eete b\u00fdt, proto\u017ee chod\u00edte do pr\u00e1ce. Uka\u017ete mu, \u017ee te\u010f se s&nbsp;n\u00edm sice neuvid\u00edte, ale o to v\u00edce si spole\u010dn\u011b u\u017eijete odpoledne. Bu\u010fte sv\u00e9mu d\u00edt\u011bti oporou.<\/li>\n\n\n\n<li>Zjist\u011bte si harmonogram dan\u00e9 \u0161kolky a p\u0159izp\u016fsobte si denn\u00ed re\u017eim a d\u011blejte ka\u017ed\u00fd stejn\u00e9 \u201eritu\u00e1ly\u201c (nap\u0159. vst\u00e1vejte v&nbsp;pravidelnou a stejnou hodinu, jezte v&nbsp;pravideln\u00e9m \u010dase a d\u00e1vejte v\u010das d\u00edt\u011b sp\u00e1t, aby bylo dob\u0159e do \u0161kolky nalad\u011bn\u00e9 a ne vy\u010derpan\u00e9). D\u00edt\u011b si tak navykne na nov\u00e9 \u010dinnosti a snadn\u011bji se adaptuje v&nbsp;nov\u00e9m prost\u0159ed\u00ed.<\/li>\n\n\n\n<li>Bu\u010fte citliv\u00ed a trp\u011bliv\u00ed. Den p\u0159ed n\u00e1stupem do \u0161kolky d\u00edt\u011bti vykl\u00e1dejte, co v\u0161echno p\u011bkn\u00e9ho ho z\u00edtra \u010dek\u00e1. \u0158ekn\u011bte mu o kamar\u00e1dech, o u\u010ditelk\u00e1ch a barevn\u011b mu popi\u0161te prost\u0159ed\u00ed.<\/li>\n\n\n\n<li>Nezapome\u0148te mu p\u0159esn\u011b \u0159\u00edct, kdy se pro n\u011bj vr\u00e1t\u00edte, nap\u0159\u00edklad po ob\u011bd\u011b, po sva\u010dince apod. Je d\u016fle\u017eit\u00e9 mu \u0159\u00edct z\u00e1chytn\u00fd bod, proto\u017ee d\u00edt\u011b je\u0161t\u011b nem\u00e1 \u00fapln\u011b pojem o \u010dase. Tato informace ho uklidn\u00ed.<\/li>\n<\/ol>\n\n\n\n<h2 class=\"wp-block-heading\">Co ud\u011blat, aby se d\u00edt\u011b do \u0161kolky t\u011b\u0161ilo?<\/h2>\n\n\n\n<p>Mo\u017en\u00e1 si \u0159\u00edk\u00e1te, \u017ee je to hlavn\u011b na dan\u00e9 \u0161kolce, kter\u00e1 ovlivn\u00ed, zda se d\u00edt\u011b bude t\u011b\u0161it nebo nikoliv. Opak je ale pravdou. I vy jeho nad\u0161en\u00ed m\u016f\u017eete podpo\u0159it. Kdy\u017e p\u0159ijde d\u00edt\u011b ze \u0161kolky, zaj\u00edmejte se o to, co ve \u0161kolce d\u00edt\u011b pro\u017eilo. Ptejte se, jak se mu tam l\u00edbilo, s&nbsp;k\u00fdm si hr\u00e1lo a co nov\u00e9ho pro\u017eilo. A pokud p\u0159ece jen budete m\u00edt pocit, \u017ee p\u0159ece jen m\u00e1m d\u00edt\u011b pot\u00ed\u017ee s&nbsp;adaptac\u00ed, jsou tu od toho pan\u00ed u\u010ditelky, kter\u00e9 V\u00e1m porad\u00ed a tak\u00e9 V\u00e1s povzbud\u00ed, proto dbejte jejich rad.<\/p>\n\n\n\n<p>Nezapome\u0148te, \u017ee se bl\u00ed\u017e\u00ed doba z\u00e1pis\u016f a tak\u00e9 my nab\u00edr\u00e1me nov\u00e9 d\u011bti. Pokud chcete, stavte se k&nbsp;n\u00e1m na den otev\u0159en\u00fdch dve\u0159\u00ed a popov\u00eddejte si s&nbsp;na\u0161\u00edm u\u010ditelsk\u00fdm sborem o tom, pro\u010d je Montessori vzd\u011bl\u00e1n\u00ed v&nbsp;\u00fatl\u00e9m v\u011bku d\u016fle\u017eit\u00e9.<\/p>\n\n\n\n<figure class=\"wp-block-image size-large\"><img loading=\"lazy\" decoding=\"async\" width=\"1024\" height=\"684\" src=\"https:\/\/www.montessoriostrava.cz\/ms\/wp-content\/uploads\/sites\/4\/2025\/01\/DSC9261-1024x684.jpg\" alt=\"Jak p\u0159ipravit d\u00edt\u011b na \u0161kolku\" class=\"wp-image-965\" srcset=\"https:\/\/www.montessoriostrava.cz\/ms\/wp-content\/uploads\/sites\/4\/2025\/01\/DSC9261-1024x684.jpg 1024w, https:\/\/www.montessoriostrava.cz\/ms\/wp-content\/uploads\/sites\/4\/2025\/01\/DSC9261-300x200.jpg 300w, https:\/\/www.montessoriostrava.cz\/ms\/wp-content\/uploads\/sites\/4\/2025\/01\/DSC9261-768x513.jpg 768w, https:\/\/www.montessoriostrava.cz\/ms\/wp-content\/uploads\/sites\/4\/2025\/01\/DSC9261.jpg 1200w\" sizes=\"auto, (max-width: 1024px) 100vw, 1024px\" \/><\/figure>\n\n\n\n<p><\/p>\n","protected":false},"excerpt":{"rendered":"<p>Od kolika let d\u00e1t d\u00edt\u011b do \u0161kolky? Zpravidla se do mate\u0159sk\u00e9 \u0161koly p\u0159ij\u00edmaj\u00ed d\u011bti od t\u0159\u00ed let, ale v&nbsp;sou\u010dasn\u00e9 dob\u011b mate\u0159sk\u00e9 \u0161koly p\u0159ij\u00edmaj\u00ed d\u011bti tak\u00e9 mlad\u0161\u00ed, a to ji\u017e od dvou let. Pokud m\u00e1 Va\u0161e d\u00edt\u011b dva roky, m\u016f\u017eete ji\u017e o z\u00e1pisu do mate\u0159sk\u00e9 \u0161koly uva\u017eovat a d\u00edt\u011b do \u0161kolky d\u00e1t. Ale je t\u0159eba m\u00edt [&hellip;]<\/p>\n","protected":false},"author":3,"featured_media":965,"comment_status":"closed","ping_status":"closed","sticky":false,"template":"","format":"standard","meta":{"footnotes":""},"categories":[1],"tags":[],"class_list":["post-964","post","type-post","status-publish","format-standard","has-post-thumbnail","hentry","category-nezarazene"],"acf":[],"yoast_head":"<!-- This site is optimized with the Yoast SEO plugin v27.5 - https:\/\/yoast.com\/product\/yoast-seo-wordpress\/ -->\n<title>Jak p\u0159ipravit d\u00edt\u011b na \u0161kolku | M\u0160 Montessori Ostrava<\/title>\n<meta name=\"description\" content=\"Aktuality z mate\u0159sk\u00e9 \u0161koly Montessori Ostrava si m\u016f\u017eete p\u0159e\u010d\u00edst u n\u00e1s na webu. P\u0159e\u010dt\u011bte si nap\u0159. novinku na t\u00e9ma Jak p\u0159ipravit d\u00edt\u011b na \u0161kolku.\" \/>\n<meta name=\"robots\" content=\"index, follow, max-snippet:-1, max-image-preview:large, max-video-preview:-1\" \/>\n<link rel=\"canonical\" href=\"https:\/\/www.montessoriostrava.cz\/ms\/jak-pripravit-dite-na-skolku\/\" \/>\n<meta property=\"og:locale\" content=\"cs_CZ\" \/>\n<meta property=\"og:type\" content=\"article\" \/>\n<meta property=\"og:title\" content=\"Jak p\u0159ipravit d\u00edt\u011b na \u0161kolku | M\u0160 Montessori Ostrava\" \/>\n<meta property=\"og:description\" content=\"Aktuality z mate\u0159sk\u00e9 \u0161koly Montessori Ostrava si m\u016f\u017eete p\u0159e\u010d\u00edst u n\u00e1s na webu. P\u0159e\u010dt\u011bte si nap\u0159. novinku na t\u00e9ma Jak p\u0159ipravit d\u00edt\u011b na \u0161kolku.\" \/>\n<meta property=\"og:url\" content=\"https:\/\/www.montessoriostrava.cz\/ms\/jak-pripravit-dite-na-skolku\/\" \/>\n<meta property=\"og:site_name\" content=\"M\u0160 Montessori Ostrava\" \/>\n<meta property=\"article:published_time\" content=\"2017-04-28T12:37:00+00:00\" \/>\n<meta property=\"article:modified_time\" content=\"2025-02-05T12:54:26+00:00\" \/>\n<meta property=\"og:image\" content=\"https:\/\/www.montessoriostrava.cz\/ms\/wp-content\/uploads\/sites\/4\/2025\/01\/DSC9261.jpg\" \/>\n\t<meta property=\"og:image:width\" content=\"1200\" \/>\n\t<meta property=\"og:image:height\" content=\"801\" \/>\n\t<meta property=\"og:image:type\" content=\"image\/jpeg\" \/>\n<meta name=\"author\" content=\"radanjunger\" \/>\n<meta name=\"twitter:card\" content=\"summary_large_image\" \/>\n<meta name=\"twitter:label1\" content=\"Napsal(a)\" \/>\n\t<meta name=\"twitter:data1\" content=\"radanjunger\" \/>\n\t<meta name=\"twitter:label2\" content=\"Odhadovan\u00e1 doba \u010dten\u00ed\" \/>\n\t<meta name=\"twitter:data2\" content=\"4 minuty\" \/>\n<script type=\"application\/ld+json\" class=\"yoast-schema-graph\">{\"@context\":\"https:\\\/\\\/schema.org\",\"@graph\":[{\"@type\":\"Article\",\"@id\":\"https:\\\/\\\/www.montessoriostrava.cz\\\/ms\\\/jak-pripravit-dite-na-skolku\\\/#article\",\"isPartOf\":{\"@id\":\"https:\\\/\\\/www.montessoriostrava.cz\\\/ms\\\/jak-pripravit-dite-na-skolku\\\/\"},\"author\":{\"name\":\"radanjunger\",\"@id\":\"https:\\\/\\\/www.montessoriostrava.cz\\\/ms\\\/#\\\/schema\\\/person\\\/5dc0051888ae972ef0c403e95bd94ab2\"},\"headline\":\"Jak p\u0159ipravit d\u00edt\u011b na \u0161kolku\",\"datePublished\":\"2017-04-28T12:37:00+00:00\",\"dateModified\":\"2025-02-05T12:54:26+00:00\",\"mainEntityOfPage\":{\"@id\":\"https:\\\/\\\/www.montessoriostrava.cz\\\/ms\\\/jak-pripravit-dite-na-skolku\\\/\"},\"wordCount\":731,\"publisher\":{\"@id\":\"https:\\\/\\\/www.montessoriostrava.cz\\\/ms\\\/#organization\"},\"image\":{\"@id\":\"https:\\\/\\\/www.montessoriostrava.cz\\\/ms\\\/jak-pripravit-dite-na-skolku\\\/#primaryimage\"},\"thumbnailUrl\":\"https:\\\/\\\/www.montessoriostrava.cz\\\/ms\\\/wp-content\\\/uploads\\\/sites\\\/4\\\/2025\\\/01\\\/DSC9261.jpg\",\"inLanguage\":\"cs\"},{\"@type\":\"WebPage\",\"@id\":\"https:\\\/\\\/www.montessoriostrava.cz\\\/ms\\\/jak-pripravit-dite-na-skolku\\\/\",\"url\":\"https:\\\/\\\/www.montessoriostrava.cz\\\/ms\\\/jak-pripravit-dite-na-skolku\\\/\",\"name\":\"Jak p\u0159ipravit d\u00edt\u011b na \u0161kolku | M\u0160 Montessori Ostrava\",\"isPartOf\":{\"@id\":\"https:\\\/\\\/www.montessoriostrava.cz\\\/ms\\\/#website\"},\"primaryImageOfPage\":{\"@id\":\"https:\\\/\\\/www.montessoriostrava.cz\\\/ms\\\/jak-pripravit-dite-na-skolku\\\/#primaryimage\"},\"image\":{\"@id\":\"https:\\\/\\\/www.montessoriostrava.cz\\\/ms\\\/jak-pripravit-dite-na-skolku\\\/#primaryimage\"},\"thumbnailUrl\":\"https:\\\/\\\/www.montessoriostrava.cz\\\/ms\\\/wp-content\\\/uploads\\\/sites\\\/4\\\/2025\\\/01\\\/DSC9261.jpg\",\"datePublished\":\"2017-04-28T12:37:00+00:00\",\"dateModified\":\"2025-02-05T12:54:26+00:00\",\"description\":\"Aktuality z mate\u0159sk\u00e9 \u0161koly Montessori Ostrava si m\u016f\u017eete p\u0159e\u010d\u00edst u n\u00e1s na webu. P\u0159e\u010dt\u011bte si nap\u0159. novinku na t\u00e9ma Jak p\u0159ipravit d\u00edt\u011b na \u0161kolku.\",\"breadcrumb\":{\"@id\":\"https:\\\/\\\/www.montessoriostrava.cz\\\/ms\\\/jak-pripravit-dite-na-skolku\\\/#breadcrumb\"},\"inLanguage\":\"cs\",\"potentialAction\":[{\"@type\":\"ReadAction\",\"target\":[\"https:\\\/\\\/www.montessoriostrava.cz\\\/ms\\\/jak-pripravit-dite-na-skolku\\\/\"]}]},{\"@type\":\"ImageObject\",\"inLanguage\":\"cs\",\"@id\":\"https:\\\/\\\/www.montessoriostrava.cz\\\/ms\\\/jak-pripravit-dite-na-skolku\\\/#primaryimage\",\"url\":\"https:\\\/\\\/www.montessoriostrava.cz\\\/ms\\\/wp-content\\\/uploads\\\/sites\\\/4\\\/2025\\\/01\\\/DSC9261.jpg\",\"contentUrl\":\"https:\\\/\\\/www.montessoriostrava.cz\\\/ms\\\/wp-content\\\/uploads\\\/sites\\\/4\\\/2025\\\/01\\\/DSC9261.jpg\",\"width\":1200,\"height\":801},{\"@type\":\"BreadcrumbList\",\"@id\":\"https:\\\/\\\/www.montessoriostrava.cz\\\/ms\\\/jak-pripravit-dite-na-skolku\\\/#breadcrumb\",\"itemListElement\":[{\"@type\":\"ListItem\",\"position\":1,\"name\":\"Dom\u016f\",\"item\":\"https:\\\/\\\/www.montessoriostrava.cz\\\/ms\\\/\"},{\"@type\":\"ListItem\",\"position\":2,\"name\":\"Jak p\u0159ipravit d\u00edt\u011b na \u0161kolku\"}]},{\"@type\":\"WebSite\",\"@id\":\"https:\\\/\\\/www.montessoriostrava.cz\\\/ms\\\/#website\",\"url\":\"https:\\\/\\\/www.montessoriostrava.cz\\\/ms\\\/\",\"name\":\"M\u0160 Montessori Ostrava\",\"description\":\"\",\"publisher\":{\"@id\":\"https:\\\/\\\/www.montessoriostrava.cz\\\/ms\\\/#organization\"},\"potentialAction\":[{\"@type\":\"SearchAction\",\"target\":{\"@type\":\"EntryPoint\",\"urlTemplate\":\"https:\\\/\\\/www.montessoriostrava.cz\\\/ms\\\/?s={search_term_string}\"},\"query-input\":{\"@type\":\"PropertyValueSpecification\",\"valueRequired\":true,\"valueName\":\"search_term_string\"}}],\"inLanguage\":\"cs\"},{\"@type\":\"Organization\",\"@id\":\"https:\\\/\\\/www.montessoriostrava.cz\\\/ms\\\/#organization\",\"name\":\"Montessori Ostrava\",\"url\":\"https:\\\/\\\/www.montessoriostrava.cz\\\/ms\\\/\",\"logo\":{\"@type\":\"ImageObject\",\"inLanguage\":\"cs\",\"@id\":\"https:\\\/\\\/www.montessoriostrava.cz\\\/ms\\\/#\\\/schema\\\/logo\\\/image\\\/\",\"url\":\"https:\\\/\\\/www.montessoriostrava.cz\\\/ms\\\/wp-content\\\/uploads\\\/sites\\\/4\\\/2025\\\/01\\\/logo-montessori.png\",\"contentUrl\":\"https:\\\/\\\/www.montessoriostrava.cz\\\/ms\\\/wp-content\\\/uploads\\\/sites\\\/4\\\/2025\\\/01\\\/logo-montessori.png\",\"width\":1794,\"height\":527,\"caption\":\"Montessori Ostrava\"},\"image\":{\"@id\":\"https:\\\/\\\/www.montessoriostrava.cz\\\/ms\\\/#\\\/schema\\\/logo\\\/image\\\/\"}},{\"@type\":\"Person\",\"@id\":\"https:\\\/\\\/www.montessoriostrava.cz\\\/ms\\\/#\\\/schema\\\/person\\\/5dc0051888ae972ef0c403e95bd94ab2\",\"name\":\"radanjunger\",\"image\":{\"@type\":\"ImageObject\",\"inLanguage\":\"cs\",\"@id\":\"https:\\\/\\\/secure.gravatar.com\\\/avatar\\\/ea9105630782250b5f04ba9be1c580ace99b35751175b96ec0111f0f8ab7c5df?s=96&d=mm&r=g\",\"url\":\"https:\\\/\\\/secure.gravatar.com\\\/avatar\\\/ea9105630782250b5f04ba9be1c580ace99b35751175b96ec0111f0f8ab7c5df?s=96&d=mm&r=g\",\"contentUrl\":\"https:\\\/\\\/secure.gravatar.com\\\/avatar\\\/ea9105630782250b5f04ba9be1c580ace99b35751175b96ec0111f0f8ab7c5df?s=96&d=mm&r=g\",\"caption\":\"radanjunger\"}}]}<\/script>\n<!-- \/ Yoast SEO plugin. -->","yoast_head_json":{"title":"Jak p\u0159ipravit d\u00edt\u011b na \u0161kolku | M\u0160 Montessori Ostrava","description":"Aktuality z mate\u0159sk\u00e9 \u0161koly Montessori Ostrava si m\u016f\u017eete p\u0159e\u010d\u00edst u n\u00e1s na webu. P\u0159e\u010dt\u011bte si nap\u0159. novinku na t\u00e9ma Jak p\u0159ipravit d\u00edt\u011b na \u0161kolku.","robots":{"index":"index","follow":"follow","max-snippet":"max-snippet:-1","max-image-preview":"max-image-preview:large","max-video-preview":"max-video-preview:-1"},"canonical":"https:\/\/www.montessoriostrava.cz\/ms\/jak-pripravit-dite-na-skolku\/","og_locale":"cs_CZ","og_type":"article","og_title":"Jak p\u0159ipravit d\u00edt\u011b na \u0161kolku | M\u0160 Montessori Ostrava","og_description":"Aktuality z mate\u0159sk\u00e9 \u0161koly Montessori Ostrava si m\u016f\u017eete p\u0159e\u010d\u00edst u n\u00e1s na webu. P\u0159e\u010dt\u011bte si nap\u0159. novinku na t\u00e9ma Jak p\u0159ipravit d\u00edt\u011b na \u0161kolku.","og_url":"https:\/\/www.montessoriostrava.cz\/ms\/jak-pripravit-dite-na-skolku\/","og_site_name":"M\u0160 Montessori Ostrava","article_published_time":"2017-04-28T12:37:00+00:00","article_modified_time":"2025-02-05T12:54:26+00:00","og_image":[{"width":1200,"height":801,"url":"https:\/\/www.montessoriostrava.cz\/ms\/wp-content\/uploads\/sites\/4\/2025\/01\/DSC9261.jpg","type":"image\/jpeg"}],"author":"radanjunger","twitter_card":"summary_large_image","twitter_misc":{"Napsal(a)":"radanjunger","Odhadovan\u00e1 doba \u010dten\u00ed":"4 minuty"},"schema":{"@context":"https:\/\/schema.org","@graph":[{"@type":"Article","@id":"https:\/\/www.montessoriostrava.cz\/ms\/jak-pripravit-dite-na-skolku\/#article","isPartOf":{"@id":"https:\/\/www.montessoriostrava.cz\/ms\/jak-pripravit-dite-na-skolku\/"},"author":{"name":"radanjunger","@id":"https:\/\/www.montessoriostrava.cz\/ms\/#\/schema\/person\/5dc0051888ae972ef0c403e95bd94ab2"},"headline":"Jak p\u0159ipravit d\u00edt\u011b na \u0161kolku","datePublished":"2017-04-28T12:37:00+00:00","dateModified":"2025-02-05T12:54:26+00:00","mainEntityOfPage":{"@id":"https:\/\/www.montessoriostrava.cz\/ms\/jak-pripravit-dite-na-skolku\/"},"wordCount":731,"publisher":{"@id":"https:\/\/www.montessoriostrava.cz\/ms\/#organization"},"image":{"@id":"https:\/\/www.montessoriostrava.cz\/ms\/jak-pripravit-dite-na-skolku\/#primaryimage"},"thumbnailUrl":"https:\/\/www.montessoriostrava.cz\/ms\/wp-content\/uploads\/sites\/4\/2025\/01\/DSC9261.jpg","inLanguage":"cs"},{"@type":"WebPage","@id":"https:\/\/www.montessoriostrava.cz\/ms\/jak-pripravit-dite-na-skolku\/","url":"https:\/\/www.montessoriostrava.cz\/ms\/jak-pripravit-dite-na-skolku\/","name":"Jak p\u0159ipravit d\u00edt\u011b na \u0161kolku | M\u0160 Montessori Ostrava","isPartOf":{"@id":"https:\/\/www.montessoriostrava.cz\/ms\/#website"},"primaryImageOfPage":{"@id":"https:\/\/www.montessoriostrava.cz\/ms\/jak-pripravit-dite-na-skolku\/#primaryimage"},"image":{"@id":"https:\/\/www.montessoriostrava.cz\/ms\/jak-pripravit-dite-na-skolku\/#primaryimage"},"thumbnailUrl":"https:\/\/www.montessoriostrava.cz\/ms\/wp-content\/uploads\/sites\/4\/2025\/01\/DSC9261.jpg","datePublished":"2017-04-28T12:37:00+00:00","dateModified":"2025-02-05T12:54:26+00:00","description":"Aktuality z mate\u0159sk\u00e9 \u0161koly Montessori Ostrava si m\u016f\u017eete p\u0159e\u010d\u00edst u n\u00e1s na webu. P\u0159e\u010dt\u011bte si nap\u0159. novinku na t\u00e9ma Jak p\u0159ipravit d\u00edt\u011b na \u0161kolku.","breadcrumb":{"@id":"https:\/\/www.montessoriostrava.cz\/ms\/jak-pripravit-dite-na-skolku\/#breadcrumb"},"inLanguage":"cs","potentialAction":[{"@type":"ReadAction","target":["https:\/\/www.montessoriostrava.cz\/ms\/jak-pripravit-dite-na-skolku\/"]}]},{"@type":"ImageObject","inLanguage":"cs","@id":"https:\/\/www.montessoriostrava.cz\/ms\/jak-pripravit-dite-na-skolku\/#primaryimage","url":"https:\/\/www.montessoriostrava.cz\/ms\/wp-content\/uploads\/sites\/4\/2025\/01\/DSC9261.jpg","contentUrl":"https:\/\/www.montessoriostrava.cz\/ms\/wp-content\/uploads\/sites\/4\/2025\/01\/DSC9261.jpg","width":1200,"height":801},{"@type":"BreadcrumbList","@id":"https:\/\/www.montessoriostrava.cz\/ms\/jak-pripravit-dite-na-skolku\/#breadcrumb","itemListElement":[{"@type":"ListItem","position":1,"name":"Dom\u016f","item":"https:\/\/www.montessoriostrava.cz\/ms\/"},{"@type":"ListItem","position":2,"name":"Jak p\u0159ipravit d\u00edt\u011b na \u0161kolku"}]},{"@type":"WebSite","@id":"https:\/\/www.montessoriostrava.cz\/ms\/#website","url":"https:\/\/www.montessoriostrava.cz\/ms\/","name":"M\u0160 Montessori Ostrava","description":"","publisher":{"@id":"https:\/\/www.montessoriostrava.cz\/ms\/#organization"},"potentialAction":[{"@type":"SearchAction","target":{"@type":"EntryPoint","urlTemplate":"https:\/\/www.montessoriostrava.cz\/ms\/?s={search_term_string}"},"query-input":{"@type":"PropertyValueSpecification","valueRequired":true,"valueName":"search_term_string"}}],"inLanguage":"cs"},{"@type":"Organization","@id":"https:\/\/www.montessoriostrava.cz\/ms\/#organization","name":"Montessori Ostrava","url":"https:\/\/www.montessoriostrava.cz\/ms\/","logo":{"@type":"ImageObject","inLanguage":"cs","@id":"https:\/\/www.montessoriostrava.cz\/ms\/#\/schema\/logo\/image\/","url":"https:\/\/www.montessoriostrava.cz\/ms\/wp-content\/uploads\/sites\/4\/2025\/01\/logo-montessori.png","contentUrl":"https:\/\/www.montessoriostrava.cz\/ms\/wp-content\/uploads\/sites\/4\/2025\/01\/logo-montessori.png","width":1794,"height":527,"caption":"Montessori Ostrava"},"image":{"@id":"https:\/\/www.montessoriostrava.cz\/ms\/#\/schema\/logo\/image\/"}},{"@type":"Person","@id":"https:\/\/www.montessoriostrava.cz\/ms\/#\/schema\/person\/5dc0051888ae972ef0c403e95bd94ab2","name":"radanjunger","image":{"@type":"ImageObject","inLanguage":"cs","@id":"https:\/\/secure.gravatar.com\/avatar\/ea9105630782250b5f04ba9be1c580ace99b35751175b96ec0111f0f8ab7c5df?s=96&d=mm&r=g","url":"https:\/\/secure.gravatar.com\/avatar\/ea9105630782250b5f04ba9be1c580ace99b35751175b96ec0111f0f8ab7c5df?s=96&d=mm&r=g","contentUrl":"https:\/\/secure.gravatar.com\/avatar\/ea9105630782250b5f04ba9be1c580ace99b35751175b96ec0111f0f8ab7c5df?s=96&d=mm&r=g","caption":"radanjunger"}}]}},"_links":{"self":[{"href":"https:\/\/www.montessoriostrava.cz\/ms\/wp-json\/wp\/v2\/posts\/964","targetHints":{"allow":["GET"]}}],"collection":[{"href":"https:\/\/www.montessoriostrava.cz\/ms\/wp-json\/wp\/v2\/posts"}],"about":[{"href":"https:\/\/www.montessoriostrava.cz\/ms\/wp-json\/wp\/v2\/types\/post"}],"author":[{"embeddable":true,"href":"https:\/\/www.montessoriostrava.cz\/ms\/wp-json\/wp\/v2\/users\/3"}],"replies":[{"embeddable":true,"href":"https:\/\/www.montessoriostrava.cz\/ms\/wp-json\/wp\/v2\/comments?post=964"}],"version-history":[{"count":4,"href":"https:\/\/www.montessoriostrava.cz\/ms\/wp-json\/wp\/v2\/posts\/964\/revisions"}],"predecessor-version":[{"id":1090,"href":"https:\/\/www.montessoriostrava.cz\/ms\/wp-json\/wp\/v2\/posts\/964\/revisions\/1090"}],"wp:featuredmedia":[{"embeddable":true,"href":"https:\/\/www.montessoriostrava.cz\/ms\/wp-json\/wp\/v2\/media\/965"}],"wp:attachment":[{"href":"https:\/\/www.montessoriostrava.cz\/ms\/wp-json\/wp\/v2\/media?parent=964"}],"wp:term":[{"taxonomy":"category","embeddable":true,"href":"https:\/\/www.montessoriostrava.cz\/ms\/wp-json\/wp\/v2\/categories?post=964"},{"taxonomy":"post_tag","embeddable":true,"href":"https:\/\/www.montessoriostrava.cz\/ms\/wp-json\/wp\/v2\/tags?post=964"}],"curies":[{"name":"wp","href":"https:\/\/api.w.org\/{rel}","templated":true}]}}