{"id":972,"date":"2017-11-28T14:40:00","date_gmt":"2017-11-28T13:40:00","guid":{"rendered":"https:\/\/www.montessoriostrava.cz\/ms\/?p=972"},"modified":"2025-03-11T08:42:53","modified_gmt":"2025-03-11T07:42:53","slug":"uspali-jsme-broucky-do-jara-budou-mit-klid","status":"publish","type":"post","link":"https:\/\/www.montessoriostrava.cz\/ms\/uspali-jsme-broucky-do-jara-budou-mit-klid\/","title":{"rendered":"Uspali jsme brou\u010dky, do jara budou m\u00edt klid"},"content":{"rendered":"\n<h2 class=\"wp-block-heading\">Usp\u00e1v\u00e1n\u00ed brou\u010dk\u016f nejen v mate\u0159ince<\/h2>\n\n\n\n<p>Co vlastn\u011b d\u011blaj\u00ed brou\u010dci v zim\u011b? No p\u0159ece sp\u00ed! Prvn\u00ed se ov\u0161em mus\u00ed hodn\u011b dob\u0159e uspat.<\/p>\n\n\n\n<figure class=\"wp-block-image size-full\"><img loading=\"lazy\" decoding=\"async\" width=\"768\" height=\"1024\" src=\"https:\/\/www.montessoriostrava.cz\/ms\/wp-content\/uploads\/sites\/4\/2025\/01\/uspavani-broucku_materinka-768x1024-1.jpg\" alt=\"Uspali jsme brou\u010dky, do jara budou m\u00edt klid\" class=\"wp-image-973\" srcset=\"https:\/\/www.montessoriostrava.cz\/ms\/wp-content\/uploads\/sites\/4\/2025\/01\/uspavani-broucku_materinka-768x1024-1.jpg 768w, https:\/\/www.montessoriostrava.cz\/ms\/wp-content\/uploads\/sites\/4\/2025\/01\/uspavani-broucku_materinka-768x1024-1-225x300.jpg 225w\" sizes=\"auto, (max-width: 768px) 100vw, 768px\" \/><\/figure>\n\n\n\n<p>To my p\u0159ece d\u00e1vno v\u00edme, a proto jsme brou\u010dk\u016fm p\u0159ipravili rozlu\u010dkovou p\u00e1rty, abychom je po\u0159\u00e1dn\u011b unavili a pak se jim p\u011bkn\u011b spinkalo. I rodi\u010de si tentokr\u00e1t zapracovali. Nap\u0159ed s n\u00e1mi doma vyr\u00e1b\u011bli brou\u010dky a pak je\u0161t\u011b chystali poho\u0161t\u011bn\u00ed na t\u00e9ma \u201eplodov\u00e1 zelenina\u201c, tak aby to jejich brou\u010dk\u016fm chutnalo.<\/p>\n\n\n\n<figure class=\"wp-block-image size-full\"><img loading=\"lazy\" decoding=\"async\" width=\"960\" height=\"720\" src=\"https:\/\/www.montessoriostrava.cz\/ms\/wp-content\/uploads\/sites\/4\/2025\/01\/uspavani_broucu_ms_zs_akce.jpg\" alt=\"Uspali jsme brou\u010dky, do jara budou m\u00edt klid\" class=\"wp-image-974\" srcset=\"https:\/\/www.montessoriostrava.cz\/ms\/wp-content\/uploads\/sites\/4\/2025\/01\/uspavani_broucu_ms_zs_akce.jpg 960w, https:\/\/www.montessoriostrava.cz\/ms\/wp-content\/uploads\/sites\/4\/2025\/01\/uspavani_broucu_ms_zs_akce-300x225.jpg 300w, https:\/\/www.montessoriostrava.cz\/ms\/wp-content\/uploads\/sites\/4\/2025\/01\/uspavani_broucu_ms_zs_akce-768x576.jpg 768w\" sizes=\"auto, (max-width: 960px) 100vw, 960px\" \/><\/figure>\n\n\n\n<p>V r\u00e1mci ve\u010dera prob\u011bhla vystoupen\u00ed, kter\u00e1 si spole\u010dn\u011b nachystala mate\u0159sk\u00e1 \u0161kola i z\u00e1kladn\u00ed \u0161kola. Pak ji\u017e nastal \u010das pro lampi\u00f3nov\u00fd pr\u016fvod a kone\u010dn\u011b tradi\u010dn\u00ed ritu\u00e1l usp\u00e1n\u00ed brou\u010dka (polo\u017een\u00ed brou\u010dka k lampionku). Dobrou noc \u2026<\/p>\n","protected":false},"excerpt":{"rendered":"<p>Usp\u00e1v\u00e1n\u00ed brou\u010dk\u016f nejen v mate\u0159ince Co vlastn\u011b d\u011blaj\u00ed brou\u010dci v zim\u011b? No p\u0159ece sp\u00ed! Prvn\u00ed se ov\u0161em mus\u00ed hodn\u011b dob\u0159e uspat. To my p\u0159ece d\u00e1vno v\u00edme, a proto jsme brou\u010dk\u016fm p\u0159ipravili rozlu\u010dkovou p\u00e1rty, abychom je po\u0159\u00e1dn\u011b unavili a pak se jim p\u011bkn\u011b spinkalo. I rodi\u010de si tentokr\u00e1t zapracovali. Nap\u0159ed s n\u00e1mi doma vyr\u00e1b\u011bli brou\u010dky a [&hellip;]<\/p>\n","protected":false},"author":3,"featured_media":974,"comment_status":"closed","ping_status":"closed","sticky":false,"template":"","format":"standard","meta":{"footnotes":""},"categories":[1],"tags":[],"class_list":["post-972","post","type-post","status-publish","format-standard","has-post-thumbnail","hentry","category-nezarazene"],"acf":[],"yoast_head":"<!-- This site is optimized with the Yoast SEO plugin v27.5 - https:\/\/yoast.com\/product\/yoast-seo-wordpress\/ -->\n<title>Uspali jsme brou\u010dky, do jara budou m\u00edt klid | M\u0160 Montessori Ostrava<\/title>\n<meta name=\"description\" content=\"Aktuality z mate\u0159sk\u00e9 \u0161koly Montessori Ostrava si m\u016f\u017eete p\u0159e\u010d\u00edst u n\u00e1s na webu. P\u0159e\u010dt\u011bte si nap\u0159. novinku na t\u00e9ma Uspali jsme brou\u010dky, do jara budou m\u00edt klid.\" \/>\n<meta name=\"robots\" content=\"index, follow, max-snippet:-1, max-image-preview:large, max-video-preview:-1\" \/>\n<link rel=\"canonical\" href=\"https:\/\/www.montessoriostrava.cz\/ms\/uspali-jsme-broucky-do-jara-budou-mit-klid\/\" \/>\n<meta property=\"og:locale\" content=\"cs_CZ\" \/>\n<meta property=\"og:type\" content=\"article\" \/>\n<meta property=\"og:title\" content=\"Uspali jsme brou\u010dky, do jara budou m\u00edt klid | M\u0160 Montessori Ostrava\" \/>\n<meta property=\"og:description\" content=\"Aktuality z mate\u0159sk\u00e9 \u0161koly Montessori Ostrava si m\u016f\u017eete p\u0159e\u010d\u00edst u n\u00e1s na webu. P\u0159e\u010dt\u011bte si nap\u0159. novinku na t\u00e9ma Uspali jsme brou\u010dky, do jara budou m\u00edt klid.\" \/>\n<meta property=\"og:url\" content=\"https:\/\/www.montessoriostrava.cz\/ms\/uspali-jsme-broucky-do-jara-budou-mit-klid\/\" \/>\n<meta property=\"og:site_name\" content=\"M\u0160 Montessori Ostrava\" \/>\n<meta property=\"article:published_time\" content=\"2017-11-28T13:40:00+00:00\" \/>\n<meta property=\"article:modified_time\" content=\"2025-03-11T07:42:53+00:00\" \/>\n<meta property=\"og:image\" content=\"https:\/\/www.montessoriostrava.cz\/ms\/wp-content\/uploads\/sites\/4\/2025\/01\/uspavani_broucu_ms_zs_akce.jpg\" \/>\n\t<meta property=\"og:image:width\" content=\"960\" \/>\n\t<meta property=\"og:image:height\" content=\"720\" \/>\n\t<meta property=\"og:image:type\" content=\"image\/jpeg\" \/>\n<meta name=\"author\" content=\"radanjunger\" \/>\n<meta name=\"twitter:card\" content=\"summary_large_image\" \/>\n<meta name=\"twitter:label1\" content=\"Napsal(a)\" \/>\n\t<meta name=\"twitter:data1\" content=\"radanjunger\" \/>\n\t<meta name=\"twitter:label2\" content=\"Odhadovan\u00e1 doba \u010dten\u00ed\" \/>\n\t<meta name=\"twitter:data2\" content=\"2 minuty\" \/>\n<script type=\"application\/ld+json\" class=\"yoast-schema-graph\">{\"@context\":\"https:\\\/\\\/schema.org\",\"@graph\":[{\"@type\":\"Article\",\"@id\":\"https:\\\/\\\/www.montessoriostrava.cz\\\/ms\\\/uspali-jsme-broucky-do-jara-budou-mit-klid\\\/#article\",\"isPartOf\":{\"@id\":\"https:\\\/\\\/www.montessoriostrava.cz\\\/ms\\\/uspali-jsme-broucky-do-jara-budou-mit-klid\\\/\"},\"author\":{\"name\":\"radanjunger\",\"@id\":\"https:\\\/\\\/www.montessoriostrava.cz\\\/ms\\\/#\\\/schema\\\/person\\\/5dc0051888ae972ef0c403e95bd94ab2\"},\"headline\":\"Uspali jsme brou\u010dky, do jara budou m\u00edt klid\",\"datePublished\":\"2017-11-28T13:40:00+00:00\",\"dateModified\":\"2025-03-11T07:42:53+00:00\",\"mainEntityOfPage\":{\"@id\":\"https:\\\/\\\/www.montessoriostrava.cz\\\/ms\\\/uspali-jsme-broucky-do-jara-budou-mit-klid\\\/\"},\"wordCount\":159,\"publisher\":{\"@id\":\"https:\\\/\\\/www.montessoriostrava.cz\\\/ms\\\/#organization\"},\"image\":{\"@id\":\"https:\\\/\\\/www.montessoriostrava.cz\\\/ms\\\/uspali-jsme-broucky-do-jara-budou-mit-klid\\\/#primaryimage\"},\"thumbnailUrl\":\"https:\\\/\\\/www.montessoriostrava.cz\\\/ms\\\/wp-content\\\/uploads\\\/sites\\\/4\\\/2025\\\/01\\\/uspavani_broucu_ms_zs_akce.jpg\",\"inLanguage\":\"cs\"},{\"@type\":\"WebPage\",\"@id\":\"https:\\\/\\\/www.montessoriostrava.cz\\\/ms\\\/uspali-jsme-broucky-do-jara-budou-mit-klid\\\/\",\"url\":\"https:\\\/\\\/www.montessoriostrava.cz\\\/ms\\\/uspali-jsme-broucky-do-jara-budou-mit-klid\\\/\",\"name\":\"Uspali jsme brou\u010dky, do jara budou m\u00edt klid | M\u0160 Montessori Ostrava\",\"isPartOf\":{\"@id\":\"https:\\\/\\\/www.montessoriostrava.cz\\\/ms\\\/#website\"},\"primaryImageOfPage\":{\"@id\":\"https:\\\/\\\/www.montessoriostrava.cz\\\/ms\\\/uspali-jsme-broucky-do-jara-budou-mit-klid\\\/#primaryimage\"},\"image\":{\"@id\":\"https:\\\/\\\/www.montessoriostrava.cz\\\/ms\\\/uspali-jsme-broucky-do-jara-budou-mit-klid\\\/#primaryimage\"},\"thumbnailUrl\":\"https:\\\/\\\/www.montessoriostrava.cz\\\/ms\\\/wp-content\\\/uploads\\\/sites\\\/4\\\/2025\\\/01\\\/uspavani_broucu_ms_zs_akce.jpg\",\"datePublished\":\"2017-11-28T13:40:00+00:00\",\"dateModified\":\"2025-03-11T07:42:53+00:00\",\"description\":\"Aktuality z mate\u0159sk\u00e9 \u0161koly Montessori Ostrava si m\u016f\u017eete p\u0159e\u010d\u00edst u n\u00e1s na webu. P\u0159e\u010dt\u011bte si nap\u0159. novinku na t\u00e9ma Uspali jsme brou\u010dky, do jara budou m\u00edt klid.\",\"breadcrumb\":{\"@id\":\"https:\\\/\\\/www.montessoriostrava.cz\\\/ms\\\/uspali-jsme-broucky-do-jara-budou-mit-klid\\\/#breadcrumb\"},\"inLanguage\":\"cs\",\"potentialAction\":[{\"@type\":\"ReadAction\",\"target\":[\"https:\\\/\\\/www.montessoriostrava.cz\\\/ms\\\/uspali-jsme-broucky-do-jara-budou-mit-klid\\\/\"]}]},{\"@type\":\"ImageObject\",\"inLanguage\":\"cs\",\"@id\":\"https:\\\/\\\/www.montessoriostrava.cz\\\/ms\\\/uspali-jsme-broucky-do-jara-budou-mit-klid\\\/#primaryimage\",\"url\":\"https:\\\/\\\/www.montessoriostrava.cz\\\/ms\\\/wp-content\\\/uploads\\\/sites\\\/4\\\/2025\\\/01\\\/uspavani_broucu_ms_zs_akce.jpg\",\"contentUrl\":\"https:\\\/\\\/www.montessoriostrava.cz\\\/ms\\\/wp-content\\\/uploads\\\/sites\\\/4\\\/2025\\\/01\\\/uspavani_broucu_ms_zs_akce.jpg\",\"width\":960,\"height\":720},{\"@type\":\"BreadcrumbList\",\"@id\":\"https:\\\/\\\/www.montessoriostrava.cz\\\/ms\\\/uspali-jsme-broucky-do-jara-budou-mit-klid\\\/#breadcrumb\",\"itemListElement\":[{\"@type\":\"ListItem\",\"position\":1,\"name\":\"Dom\u016f\",\"item\":\"https:\\\/\\\/www.montessoriostrava.cz\\\/ms\\\/\"},{\"@type\":\"ListItem\",\"position\":2,\"name\":\"Uspali jsme brou\u010dky, do jara budou m\u00edt klid\"}]},{\"@type\":\"WebSite\",\"@id\":\"https:\\\/\\\/www.montessoriostrava.cz\\\/ms\\\/#website\",\"url\":\"https:\\\/\\\/www.montessoriostrava.cz\\\/ms\\\/\",\"name\":\"M\u0160 Montessori Ostrava\",\"description\":\"\",\"publisher\":{\"@id\":\"https:\\\/\\\/www.montessoriostrava.cz\\\/ms\\\/#organization\"},\"potentialAction\":[{\"@type\":\"SearchAction\",\"target\":{\"@type\":\"EntryPoint\",\"urlTemplate\":\"https:\\\/\\\/www.montessoriostrava.cz\\\/ms\\\/?s={search_term_string}\"},\"query-input\":{\"@type\":\"PropertyValueSpecification\",\"valueRequired\":true,\"valueName\":\"search_term_string\"}}],\"inLanguage\":\"cs\"},{\"@type\":\"Organization\",\"@id\":\"https:\\\/\\\/www.montessoriostrava.cz\\\/ms\\\/#organization\",\"name\":\"Montessori Ostrava\",\"url\":\"https:\\\/\\\/www.montessoriostrava.cz\\\/ms\\\/\",\"logo\":{\"@type\":\"ImageObject\",\"inLanguage\":\"cs\",\"@id\":\"https:\\\/\\\/www.montessoriostrava.cz\\\/ms\\\/#\\\/schema\\\/logo\\\/image\\\/\",\"url\":\"https:\\\/\\\/www.montessoriostrava.cz\\\/ms\\\/wp-content\\\/uploads\\\/sites\\\/4\\\/2025\\\/01\\\/logo-montessori.png\",\"contentUrl\":\"https:\\\/\\\/www.montessoriostrava.cz\\\/ms\\\/wp-content\\\/uploads\\\/sites\\\/4\\\/2025\\\/01\\\/logo-montessori.png\",\"width\":1794,\"height\":527,\"caption\":\"Montessori Ostrava\"},\"image\":{\"@id\":\"https:\\\/\\\/www.montessoriostrava.cz\\\/ms\\\/#\\\/schema\\\/logo\\\/image\\\/\"}},{\"@type\":\"Person\",\"@id\":\"https:\\\/\\\/www.montessoriostrava.cz\\\/ms\\\/#\\\/schema\\\/person\\\/5dc0051888ae972ef0c403e95bd94ab2\",\"name\":\"radanjunger\",\"image\":{\"@type\":\"ImageObject\",\"inLanguage\":\"cs\",\"@id\":\"https:\\\/\\\/secure.gravatar.com\\\/avatar\\\/ea9105630782250b5f04ba9be1c580ace99b35751175b96ec0111f0f8ab7c5df?s=96&d=mm&r=g\",\"url\":\"https:\\\/\\\/secure.gravatar.com\\\/avatar\\\/ea9105630782250b5f04ba9be1c580ace99b35751175b96ec0111f0f8ab7c5df?s=96&d=mm&r=g\",\"contentUrl\":\"https:\\\/\\\/secure.gravatar.com\\\/avatar\\\/ea9105630782250b5f04ba9be1c580ace99b35751175b96ec0111f0f8ab7c5df?s=96&d=mm&r=g\",\"caption\":\"radanjunger\"}}]}<\/script>\n<!-- \/ Yoast SEO plugin. -->","yoast_head_json":{"title":"Uspali jsme brou\u010dky, do jara budou m\u00edt klid | M\u0160 Montessori Ostrava","description":"Aktuality z mate\u0159sk\u00e9 \u0161koly Montessori Ostrava si m\u016f\u017eete p\u0159e\u010d\u00edst u n\u00e1s na webu. P\u0159e\u010dt\u011bte si nap\u0159. novinku na t\u00e9ma Uspali jsme brou\u010dky, do jara budou m\u00edt klid.","robots":{"index":"index","follow":"follow","max-snippet":"max-snippet:-1","max-image-preview":"max-image-preview:large","max-video-preview":"max-video-preview:-1"},"canonical":"https:\/\/www.montessoriostrava.cz\/ms\/uspali-jsme-broucky-do-jara-budou-mit-klid\/","og_locale":"cs_CZ","og_type":"article","og_title":"Uspali jsme brou\u010dky, do jara budou m\u00edt klid | M\u0160 Montessori Ostrava","og_description":"Aktuality z mate\u0159sk\u00e9 \u0161koly Montessori Ostrava si m\u016f\u017eete p\u0159e\u010d\u00edst u n\u00e1s na webu. P\u0159e\u010dt\u011bte si nap\u0159. novinku na t\u00e9ma Uspali jsme brou\u010dky, do jara budou m\u00edt klid.","og_url":"https:\/\/www.montessoriostrava.cz\/ms\/uspali-jsme-broucky-do-jara-budou-mit-klid\/","og_site_name":"M\u0160 Montessori Ostrava","article_published_time":"2017-11-28T13:40:00+00:00","article_modified_time":"2025-03-11T07:42:53+00:00","og_image":[{"width":960,"height":720,"url":"https:\/\/www.montessoriostrava.cz\/ms\/wp-content\/uploads\/sites\/4\/2025\/01\/uspavani_broucu_ms_zs_akce.jpg","type":"image\/jpeg"}],"author":"radanjunger","twitter_card":"summary_large_image","twitter_misc":{"Napsal(a)":"radanjunger","Odhadovan\u00e1 doba \u010dten\u00ed":"2 minuty"},"schema":{"@context":"https:\/\/schema.org","@graph":[{"@type":"Article","@id":"https:\/\/www.montessoriostrava.cz\/ms\/uspali-jsme-broucky-do-jara-budou-mit-klid\/#article","isPartOf":{"@id":"https:\/\/www.montessoriostrava.cz\/ms\/uspali-jsme-broucky-do-jara-budou-mit-klid\/"},"author":{"name":"radanjunger","@id":"https:\/\/www.montessoriostrava.cz\/ms\/#\/schema\/person\/5dc0051888ae972ef0c403e95bd94ab2"},"headline":"Uspali jsme brou\u010dky, do jara budou m\u00edt klid","datePublished":"2017-11-28T13:40:00+00:00","dateModified":"2025-03-11T07:42:53+00:00","mainEntityOfPage":{"@id":"https:\/\/www.montessoriostrava.cz\/ms\/uspali-jsme-broucky-do-jara-budou-mit-klid\/"},"wordCount":159,"publisher":{"@id":"https:\/\/www.montessoriostrava.cz\/ms\/#organization"},"image":{"@id":"https:\/\/www.montessoriostrava.cz\/ms\/uspali-jsme-broucky-do-jara-budou-mit-klid\/#primaryimage"},"thumbnailUrl":"https:\/\/www.montessoriostrava.cz\/ms\/wp-content\/uploads\/sites\/4\/2025\/01\/uspavani_broucu_ms_zs_akce.jpg","inLanguage":"cs"},{"@type":"WebPage","@id":"https:\/\/www.montessoriostrava.cz\/ms\/uspali-jsme-broucky-do-jara-budou-mit-klid\/","url":"https:\/\/www.montessoriostrava.cz\/ms\/uspali-jsme-broucky-do-jara-budou-mit-klid\/","name":"Uspali jsme brou\u010dky, do jara budou m\u00edt klid | M\u0160 Montessori Ostrava","isPartOf":{"@id":"https:\/\/www.montessoriostrava.cz\/ms\/#website"},"primaryImageOfPage":{"@id":"https:\/\/www.montessoriostrava.cz\/ms\/uspali-jsme-broucky-do-jara-budou-mit-klid\/#primaryimage"},"image":{"@id":"https:\/\/www.montessoriostrava.cz\/ms\/uspali-jsme-broucky-do-jara-budou-mit-klid\/#primaryimage"},"thumbnailUrl":"https:\/\/www.montessoriostrava.cz\/ms\/wp-content\/uploads\/sites\/4\/2025\/01\/uspavani_broucu_ms_zs_akce.jpg","datePublished":"2017-11-28T13:40:00+00:00","dateModified":"2025-03-11T07:42:53+00:00","description":"Aktuality z mate\u0159sk\u00e9 \u0161koly Montessori Ostrava si m\u016f\u017eete p\u0159e\u010d\u00edst u n\u00e1s na webu. P\u0159e\u010dt\u011bte si nap\u0159. novinku na t\u00e9ma Uspali jsme brou\u010dky, do jara budou m\u00edt klid.","breadcrumb":{"@id":"https:\/\/www.montessoriostrava.cz\/ms\/uspali-jsme-broucky-do-jara-budou-mit-klid\/#breadcrumb"},"inLanguage":"cs","potentialAction":[{"@type":"ReadAction","target":["https:\/\/www.montessoriostrava.cz\/ms\/uspali-jsme-broucky-do-jara-budou-mit-klid\/"]}]},{"@type":"ImageObject","inLanguage":"cs","@id":"https:\/\/www.montessoriostrava.cz\/ms\/uspali-jsme-broucky-do-jara-budou-mit-klid\/#primaryimage","url":"https:\/\/www.montessoriostrava.cz\/ms\/wp-content\/uploads\/sites\/4\/2025\/01\/uspavani_broucu_ms_zs_akce.jpg","contentUrl":"https:\/\/www.montessoriostrava.cz\/ms\/wp-content\/uploads\/sites\/4\/2025\/01\/uspavani_broucu_ms_zs_akce.jpg","width":960,"height":720},{"@type":"BreadcrumbList","@id":"https:\/\/www.montessoriostrava.cz\/ms\/uspali-jsme-broucky-do-jara-budou-mit-klid\/#breadcrumb","itemListElement":[{"@type":"ListItem","position":1,"name":"Dom\u016f","item":"https:\/\/www.montessoriostrava.cz\/ms\/"},{"@type":"ListItem","position":2,"name":"Uspali jsme brou\u010dky, do jara budou m\u00edt klid"}]},{"@type":"WebSite","@id":"https:\/\/www.montessoriostrava.cz\/ms\/#website","url":"https:\/\/www.montessoriostrava.cz\/ms\/","name":"M\u0160 Montessori Ostrava","description":"","publisher":{"@id":"https:\/\/www.montessoriostrava.cz\/ms\/#organization"},"potentialAction":[{"@type":"SearchAction","target":{"@type":"EntryPoint","urlTemplate":"https:\/\/www.montessoriostrava.cz\/ms\/?s={search_term_string}"},"query-input":{"@type":"PropertyValueSpecification","valueRequired":true,"valueName":"search_term_string"}}],"inLanguage":"cs"},{"@type":"Organization","@id":"https:\/\/www.montessoriostrava.cz\/ms\/#organization","name":"Montessori Ostrava","url":"https:\/\/www.montessoriostrava.cz\/ms\/","logo":{"@type":"ImageObject","inLanguage":"cs","@id":"https:\/\/www.montessoriostrava.cz\/ms\/#\/schema\/logo\/image\/","url":"https:\/\/www.montessoriostrava.cz\/ms\/wp-content\/uploads\/sites\/4\/2025\/01\/logo-montessori.png","contentUrl":"https:\/\/www.montessoriostrava.cz\/ms\/wp-content\/uploads\/sites\/4\/2025\/01\/logo-montessori.png","width":1794,"height":527,"caption":"Montessori Ostrava"},"image":{"@id":"https:\/\/www.montessoriostrava.cz\/ms\/#\/schema\/logo\/image\/"}},{"@type":"Person","@id":"https:\/\/www.montessoriostrava.cz\/ms\/#\/schema\/person\/5dc0051888ae972ef0c403e95bd94ab2","name":"radanjunger","image":{"@type":"ImageObject","inLanguage":"cs","@id":"https:\/\/secure.gravatar.com\/avatar\/ea9105630782250b5f04ba9be1c580ace99b35751175b96ec0111f0f8ab7c5df?s=96&d=mm&r=g","url":"https:\/\/secure.gravatar.com\/avatar\/ea9105630782250b5f04ba9be1c580ace99b35751175b96ec0111f0f8ab7c5df?s=96&d=mm&r=g","contentUrl":"https:\/\/secure.gravatar.com\/avatar\/ea9105630782250b5f04ba9be1c580ace99b35751175b96ec0111f0f8ab7c5df?s=96&d=mm&r=g","caption":"radanjunger"}}]}},"_links":{"self":[{"href":"https:\/\/www.montessoriostrava.cz\/ms\/wp-json\/wp\/v2\/posts\/972","targetHints":{"allow":["GET"]}}],"collection":[{"href":"https:\/\/www.montessoriostrava.cz\/ms\/wp-json\/wp\/v2\/posts"}],"about":[{"href":"https:\/\/www.montessoriostrava.cz\/ms\/wp-json\/wp\/v2\/types\/post"}],"author":[{"embeddable":true,"href":"https:\/\/www.montessoriostrava.cz\/ms\/wp-json\/wp\/v2\/users\/3"}],"replies":[{"embeddable":true,"href":"https:\/\/www.montessoriostrava.cz\/ms\/wp-json\/wp\/v2\/comments?post=972"}],"version-history":[{"count":4,"href":"https:\/\/www.montessoriostrava.cz\/ms\/wp-json\/wp\/v2\/posts\/972\/revisions"}],"predecessor-version":[{"id":1175,"href":"https:\/\/www.montessoriostrava.cz\/ms\/wp-json\/wp\/v2\/posts\/972\/revisions\/1175"}],"wp:featuredmedia":[{"embeddable":true,"href":"https:\/\/www.montessoriostrava.cz\/ms\/wp-json\/wp\/v2\/media\/974"}],"wp:attachment":[{"href":"https:\/\/www.montessoriostrava.cz\/ms\/wp-json\/wp\/v2\/media?parent=972"}],"wp:term":[{"taxonomy":"category","embeddable":true,"href":"https:\/\/www.montessoriostrava.cz\/ms\/wp-json\/wp\/v2\/categories?post=972"},{"taxonomy":"post_tag","embeddable":true,"href":"https:\/\/www.montessoriostrava.cz\/ms\/wp-json\/wp\/v2\/tags?post=972"}],"curies":[{"name":"wp","href":"https:\/\/api.w.org\/{rel}","templated":true}]}}