{"id":116,"date":"2024-05-24T12:04:01","date_gmt":"2024-05-24T10:04:01","guid":{"rendered":"https:\/\/www.montessoriostrava.cz\/zs\/?p=116"},"modified":"2025-02-25T10:34:46","modified_gmt":"2025-02-25T09:34:46","slug":"skola-v-prirode","status":"publish","type":"post","link":"https:\/\/www.montessoriostrava.cz\/zs\/skola-v-prirode\/","title":{"rendered":"\u0160kola v p\u0159\u00edrod\u011b"},"content":{"rendered":"\n<p class=\"has-text-align-center u-frame--narrow\">\u0160kola v p\u0159\u00edrod\u011b \u2013 \u010dtvrt\u00fd a p\u00e1t\u00fd ro\u010dn\u00edk\u2026 Tento t\u00fdden odjela velk\u00e1 \u010d\u00e1st modr\u00e9 a zelen\u00e9 t\u0159\u00eddy spole\u010dn\u011b na \u0161kolu v p\u0159\u00edrod\u011b do \u0160tramberka. U\u017e maj\u00ed za sebou u\u010den\u00ed i z\u00e1bavu. Jedno odpoledne hr\u00e1li na detektivy a m\u011bli mo\u017enost si vyzkou\u0161et i st\u0159elbu ze vzduchovky.<\/p>\n\n\n\n<figure class=\"wp-block-gallery has-nested-images columns-default is-cropped wp-block-gallery-1 is-layout-flex wp-block-gallery-is-layout-flex\">\n<figure class=\"wp-block-image size-large\"><a href=\"https:\/\/www.montessoriostrava.cz\/zs\/wp-content\/uploads\/sites\/3\/2024\/09\/443837702_958129612986856_3085718500376118605_n-1024x768-1.jpg\"><img loading=\"lazy\" decoding=\"async\" width=\"1024\" height=\"768\" data-id=\"120\" src=\"https:\/\/www.montessoriostrava.cz\/zs\/wp-content\/uploads\/sites\/3\/2024\/09\/443837702_958129612986856_3085718500376118605_n-1024x768-1.jpg\" alt=\"\u0160kola v p\u0159\u00edrod\u011b\" class=\"wp-image-120\" srcset=\"https:\/\/www.montessoriostrava.cz\/zs\/wp-content\/uploads\/sites\/3\/2024\/09\/443837702_958129612986856_3085718500376118605_n-1024x768-1.jpg 1024w, https:\/\/www.montessoriostrava.cz\/zs\/wp-content\/uploads\/sites\/3\/2024\/09\/443837702_958129612986856_3085718500376118605_n-1024x768-1-300x225.jpg 300w, https:\/\/www.montessoriostrava.cz\/zs\/wp-content\/uploads\/sites\/3\/2024\/09\/443837702_958129612986856_3085718500376118605_n-1024x768-1-768x576.jpg 768w\" sizes=\"auto, (max-width: 1024px) 100vw, 1024px\" \/><\/a><\/figure>\n\n\n\n<figure class=\"wp-block-image size-large\"><a href=\"https:\/\/www.montessoriostrava.cz\/zs\/wp-content\/uploads\/sites\/3\/2024\/09\/443713056_958129702986847_2904999726747813099_n-1024x768-1.jpg\"><img loading=\"lazy\" decoding=\"async\" width=\"1024\" height=\"768\" data-id=\"117\" src=\"https:\/\/www.montessoriostrava.cz\/zs\/wp-content\/uploads\/sites\/3\/2024\/09\/443713056_958129702986847_2904999726747813099_n-1024x768-1.jpg\" alt=\"\u0160kola v p\u0159\u00edrod\u011b\" class=\"wp-image-117\" srcset=\"https:\/\/www.montessoriostrava.cz\/zs\/wp-content\/uploads\/sites\/3\/2024\/09\/443713056_958129702986847_2904999726747813099_n-1024x768-1.jpg 1024w, https:\/\/www.montessoriostrava.cz\/zs\/wp-content\/uploads\/sites\/3\/2024\/09\/443713056_958129702986847_2904999726747813099_n-1024x768-1-300x225.jpg 300w, https:\/\/www.montessoriostrava.cz\/zs\/wp-content\/uploads\/sites\/3\/2024\/09\/443713056_958129702986847_2904999726747813099_n-1024x768-1-768x576.jpg 768w\" sizes=\"auto, (max-width: 1024px) 100vw, 1024px\" \/><\/a><\/figure>\n\n\n\n<figure class=\"wp-block-image size-large\"><a href=\"https:\/\/www.montessoriostrava.cz\/zs\/wp-content\/uploads\/sites\/3\/2024\/09\/443715054_958129626320188_149751334521642235_n-1024x768-1.jpg\"><img loading=\"lazy\" decoding=\"async\" width=\"1024\" height=\"768\" data-id=\"123\" src=\"https:\/\/www.montessoriostrava.cz\/zs\/wp-content\/uploads\/sites\/3\/2024\/09\/443715054_958129626320188_149751334521642235_n-1024x768-1.jpg\" alt=\"\u0160kola v p\u0159\u00edrod\u011b\" class=\"wp-image-123\" srcset=\"https:\/\/www.montessoriostrava.cz\/zs\/wp-content\/uploads\/sites\/3\/2024\/09\/443715054_958129626320188_149751334521642235_n-1024x768-1.jpg 1024w, https:\/\/www.montessoriostrava.cz\/zs\/wp-content\/uploads\/sites\/3\/2024\/09\/443715054_958129626320188_149751334521642235_n-1024x768-1-300x225.jpg 300w, https:\/\/www.montessoriostrava.cz\/zs\/wp-content\/uploads\/sites\/3\/2024\/09\/443715054_958129626320188_149751334521642235_n-1024x768-1-768x576.jpg 768w\" sizes=\"auto, (max-width: 1024px) 100vw, 1024px\" \/><\/a><\/figure>\n\n\n\n<figure class=\"wp-block-image size-large\"><a href=\"https:\/\/www.montessoriostrava.cz\/zs\/wp-content\/uploads\/sites\/3\/2024\/09\/444137713_958129709653513_2742109699156337744_n-768x1024-1.jpg\"><img loading=\"lazy\" decoding=\"async\" width=\"768\" height=\"1024\" data-id=\"121\" src=\"https:\/\/www.montessoriostrava.cz\/zs\/wp-content\/uploads\/sites\/3\/2024\/09\/444137713_958129709653513_2742109699156337744_n-768x1024-1.jpg\" alt=\"\u0160kola v p\u0159\u00edrod\u011b\" class=\"wp-image-121\" srcset=\"https:\/\/www.montessoriostrava.cz\/zs\/wp-content\/uploads\/sites\/3\/2024\/09\/444137713_958129709653513_2742109699156337744_n-768x1024-1.jpg 768w, https:\/\/www.montessoriostrava.cz\/zs\/wp-content\/uploads\/sites\/3\/2024\/09\/444137713_958129709653513_2742109699156337744_n-768x1024-1-225x300.jpg 225w\" sizes=\"auto, (max-width: 768px) 100vw, 768px\" \/><\/a><\/figure>\n\n\n\n<figure class=\"wp-block-image size-large\"><a href=\"https:\/\/www.montessoriostrava.cz\/zs\/wp-content\/uploads\/sites\/3\/2024\/09\/436424447_958129779653506_5395158364050796093_n-768x1024-1.jpg\"><img loading=\"lazy\" decoding=\"async\" width=\"768\" height=\"1024\" data-id=\"124\" src=\"https:\/\/www.montessoriostrava.cz\/zs\/wp-content\/uploads\/sites\/3\/2024\/09\/436424447_958129779653506_5395158364050796093_n-768x1024-1.jpg\" alt=\"\u0160kola v p\u0159\u00edrod\u011b\" class=\"wp-image-124\" srcset=\"https:\/\/www.montessoriostrava.cz\/zs\/wp-content\/uploads\/sites\/3\/2024\/09\/436424447_958129779653506_5395158364050796093_n-768x1024-1.jpg 768w, https:\/\/www.montessoriostrava.cz\/zs\/wp-content\/uploads\/sites\/3\/2024\/09\/436424447_958129779653506_5395158364050796093_n-768x1024-1-225x300.jpg 225w\" sizes=\"auto, (max-width: 768px) 100vw, 768px\" \/><\/a><\/figure>\n\n\n\n<figure class=\"wp-block-image size-large\"><a href=\"https:\/\/www.montessoriostrava.cz\/zs\/wp-content\/uploads\/sites\/3\/2024\/09\/443733723_958129676320183_7426913350366042525_n-1024x768-1.jpg\"><img loading=\"lazy\" decoding=\"async\" width=\"1024\" height=\"768\" data-id=\"119\" src=\"https:\/\/www.montessoriostrava.cz\/zs\/wp-content\/uploads\/sites\/3\/2024\/09\/443733723_958129676320183_7426913350366042525_n-1024x768-1.jpg\" alt=\"\u0160kola v p\u0159\u00edrod\u011b\" class=\"wp-image-119\" srcset=\"https:\/\/www.montessoriostrava.cz\/zs\/wp-content\/uploads\/sites\/3\/2024\/09\/443733723_958129676320183_7426913350366042525_n-1024x768-1.jpg 1024w, https:\/\/www.montessoriostrava.cz\/zs\/wp-content\/uploads\/sites\/3\/2024\/09\/443733723_958129676320183_7426913350366042525_n-1024x768-1-300x225.jpg 300w, https:\/\/www.montessoriostrava.cz\/zs\/wp-content\/uploads\/sites\/3\/2024\/09\/443733723_958129676320183_7426913350366042525_n-1024x768-1-768x576.jpg 768w\" sizes=\"auto, (max-width: 1024px) 100vw, 1024px\" \/><\/a><\/figure>\n\n\n\n<figure class=\"wp-block-image size-large\"><a href=\"https:\/\/www.montessoriostrava.cz\/zs\/wp-content\/uploads\/sites\/3\/2024\/09\/443712609_958129662986851_7198030767352450409_n-1024x768-1.jpg\"><img loading=\"lazy\" decoding=\"async\" width=\"1024\" height=\"768\" data-id=\"118\" src=\"https:\/\/www.montessoriostrava.cz\/zs\/wp-content\/uploads\/sites\/3\/2024\/09\/443712609_958129662986851_7198030767352450409_n-1024x768-1.jpg\" alt=\"\u0160kola v p\u0159\u00edrod\u011b\" class=\"wp-image-118\" srcset=\"https:\/\/www.montessoriostrava.cz\/zs\/wp-content\/uploads\/sites\/3\/2024\/09\/443712609_958129662986851_7198030767352450409_n-1024x768-1.jpg 1024w, https:\/\/www.montessoriostrava.cz\/zs\/wp-content\/uploads\/sites\/3\/2024\/09\/443712609_958129662986851_7198030767352450409_n-1024x768-1-300x225.jpg 300w, https:\/\/www.montessoriostrava.cz\/zs\/wp-content\/uploads\/sites\/3\/2024\/09\/443712609_958129662986851_7198030767352450409_n-1024x768-1-768x576.jpg 768w\" sizes=\"auto, (max-width: 1024px) 100vw, 1024px\" \/><\/a><\/figure>\n\n\n\n<figure class=\"wp-block-image size-large\"><a href=\"https:\/\/www.montessoriostrava.cz\/zs\/wp-content\/uploads\/sites\/3\/2024\/09\/436150762_958129732986844_8147025139738457160_n-1024x768-1.jpg\"><img loading=\"lazy\" decoding=\"async\" width=\"1024\" height=\"768\" data-id=\"122\" src=\"https:\/\/www.montessoriostrava.cz\/zs\/wp-content\/uploads\/sites\/3\/2024\/09\/436150762_958129732986844_8147025139738457160_n-1024x768-1.jpg\" alt=\"\u0160kola v p\u0159\u00edrod\u011b\" class=\"wp-image-122\" srcset=\"https:\/\/www.montessoriostrava.cz\/zs\/wp-content\/uploads\/sites\/3\/2024\/09\/436150762_958129732986844_8147025139738457160_n-1024x768-1.jpg 1024w, https:\/\/www.montessoriostrava.cz\/zs\/wp-content\/uploads\/sites\/3\/2024\/09\/436150762_958129732986844_8147025139738457160_n-1024x768-1-300x225.jpg 300w, https:\/\/www.montessoriostrava.cz\/zs\/wp-content\/uploads\/sites\/3\/2024\/09\/436150762_958129732986844_8147025139738457160_n-1024x768-1-768x576.jpg 768w\" sizes=\"auto, (max-width: 1024px) 100vw, 1024px\" \/><\/a><\/figure>\n<\/figure>\n\n\n\n<p class=\"has-text-align-center u-frame--narrow\"><br><\/p>\n","protected":false},"excerpt":{"rendered":"<p>\u0160kola v p\u0159\u00edrod\u011b \u2013 \u010dtvrt\u00fd a p\u00e1t\u00fd ro\u010dn\u00edk\u2026 Tento t\u00fdden odjela velk\u00e1 \u010d\u00e1st modr\u00e9 a zelen\u00e9 t\u0159\u00eddy spole\u010dn\u011b na \u0161kolu v p\u0159\u00edrod\u011b do \u0160tramberka. U\u017e maj\u00ed za sebou u\u010den\u00ed i z\u00e1bavu. Jedno odpoledne hr\u00e1li na detektivy a m\u011bli mo\u017enost si vyzkou\u0161et i st\u0159elbu ze vzduchovky.<\/p>\n","protected":false},"author":3,"featured_media":118,"comment_status":"closed","ping_status":"closed","sticky":false,"template":"","format":"standard","meta":{"footnotes":""},"categories":[1],"tags":[],"class_list":["post-116","post","type-post","status-publish","format-standard","has-post-thumbnail","hentry","category-nezarazene"],"acf":[],"yoast_head":"<!-- This site is optimized with the Yoast SEO plugin v27.5 - https:\/\/yoast.com\/product\/yoast-seo-wordpress\/ -->\n<title>\u0160kola v p\u0159\u00edrod\u011b | Z\u0160 Montessori Ostrava<\/title>\n<meta name=\"description\" content=\"\u0160kola v p\u0159\u00edrod\u011b \u2013 \u010dtvrt\u00fd a p\u00e1t\u00fd ro\u010dn\u00edk\u2026 Tento t\u00fdden odjela velk\u00e1 \u010d\u00e1st modr\u00e9 a zelen\u00e9 t\u0159\u00eddy spole\u010dn\u011b na \u0161kolu v p\u0159\u00edrod\u011b do \u0160tramberka.\" \/>\n<meta name=\"robots\" content=\"index, follow, max-snippet:-1, max-image-preview:large, max-video-preview:-1\" \/>\n<link rel=\"canonical\" href=\"https:\/\/www.montessoriostrava.cz\/zs\/skola-v-prirode\/\" \/>\n<meta property=\"og:locale\" content=\"cs_CZ\" \/>\n<meta property=\"og:type\" content=\"article\" \/>\n<meta property=\"og:title\" content=\"\u0160kola v p\u0159\u00edrod\u011b | Z\u0160 Montessori Ostrava\" \/>\n<meta property=\"og:description\" content=\"\u0160kola v p\u0159\u00edrod\u011b \u2013 \u010dtvrt\u00fd a p\u00e1t\u00fd ro\u010dn\u00edk\u2026 Tento t\u00fdden odjela velk\u00e1 \u010d\u00e1st modr\u00e9 a zelen\u00e9 t\u0159\u00eddy spole\u010dn\u011b na \u0161kolu v p\u0159\u00edrod\u011b do \u0160tramberka.\" \/>\n<meta property=\"og:url\" content=\"https:\/\/www.montessoriostrava.cz\/zs\/skola-v-prirode\/\" \/>\n<meta property=\"og:site_name\" content=\"Z\u0160 Montessori Ostrava\" \/>\n<meta property=\"article:published_time\" content=\"2024-05-24T10:04:01+00:00\" \/>\n<meta property=\"article:modified_time\" content=\"2025-02-25T09:34:46+00:00\" \/>\n<meta property=\"og:image\" content=\"https:\/\/www.montessoriostrava.cz\/zs\/wp-content\/uploads\/sites\/3\/2024\/09\/443712609_958129662986851_7198030767352450409_n-1024x768-1.jpg\" \/>\n\t<meta property=\"og:image:width\" content=\"1024\" \/>\n\t<meta property=\"og:image:height\" content=\"768\" \/>\n\t<meta property=\"og:image:type\" content=\"image\/jpeg\" \/>\n<meta name=\"author\" content=\"radanjunger\" \/>\n<meta name=\"twitter:card\" content=\"summary_large_image\" \/>\n<meta name=\"twitter:label1\" content=\"Napsal(a)\" \/>\n\t<meta name=\"twitter:data1\" content=\"radanjunger\" \/>\n\t<meta name=\"twitter:label2\" content=\"Odhadovan\u00e1 doba \u010dten\u00ed\" \/>\n\t<meta name=\"twitter:data2\" content=\"3 minuty\" \/>\n<script type=\"application\/ld+json\" class=\"yoast-schema-graph\">{\"@context\":\"https:\\\/\\\/schema.org\",\"@graph\":[{\"@type\":\"Article\",\"@id\":\"https:\\\/\\\/www.montessoriostrava.cz\\\/zs\\\/skola-v-prirode\\\/#article\",\"isPartOf\":{\"@id\":\"https:\\\/\\\/www.montessoriostrava.cz\\\/zs\\\/skola-v-prirode\\\/\"},\"author\":{\"name\":\"radanjunger\",\"@id\":\"https:\\\/\\\/www.montessoriostrava.cz\\\/zs\\\/#\\\/schema\\\/person\\\/5dc0051888ae972ef0c403e95bd94ab2\"},\"headline\":\"\u0160kola v p\u0159\u00edrod\u011b\",\"datePublished\":\"2024-05-24T10:04:01+00:00\",\"dateModified\":\"2025-02-25T09:34:46+00:00\",\"mainEntityOfPage\":{\"@id\":\"https:\\\/\\\/www.montessoriostrava.cz\\\/zs\\\/skola-v-prirode\\\/\"},\"wordCount\":63,\"publisher\":{\"@id\":\"https:\\\/\\\/www.montessoriostrava.cz\\\/zs\\\/#organization\"},\"image\":{\"@id\":\"https:\\\/\\\/www.montessoriostrava.cz\\\/zs\\\/skola-v-prirode\\\/#primaryimage\"},\"thumbnailUrl\":\"https:\\\/\\\/www.montessoriostrava.cz\\\/zs\\\/wp-content\\\/uploads\\\/sites\\\/3\\\/2024\\\/09\\\/443712609_958129662986851_7198030767352450409_n-1024x768-1.jpg\",\"inLanguage\":\"cs\"},{\"@type\":\"WebPage\",\"@id\":\"https:\\\/\\\/www.montessoriostrava.cz\\\/zs\\\/skola-v-prirode\\\/\",\"url\":\"https:\\\/\\\/www.montessoriostrava.cz\\\/zs\\\/skola-v-prirode\\\/\",\"name\":\"\u0160kola v p\u0159\u00edrod\u011b | Z\u0160 Montessori Ostrava\",\"isPartOf\":{\"@id\":\"https:\\\/\\\/www.montessoriostrava.cz\\\/zs\\\/#website\"},\"primaryImageOfPage\":{\"@id\":\"https:\\\/\\\/www.montessoriostrava.cz\\\/zs\\\/skola-v-prirode\\\/#primaryimage\"},\"image\":{\"@id\":\"https:\\\/\\\/www.montessoriostrava.cz\\\/zs\\\/skola-v-prirode\\\/#primaryimage\"},\"thumbnailUrl\":\"https:\\\/\\\/www.montessoriostrava.cz\\\/zs\\\/wp-content\\\/uploads\\\/sites\\\/3\\\/2024\\\/09\\\/443712609_958129662986851_7198030767352450409_n-1024x768-1.jpg\",\"datePublished\":\"2024-05-24T10:04:01+00:00\",\"dateModified\":\"2025-02-25T09:34:46+00:00\",\"description\":\"\u0160kola v p\u0159\u00edrod\u011b \u2013 \u010dtvrt\u00fd a p\u00e1t\u00fd ro\u010dn\u00edk\u2026 Tento t\u00fdden odjela velk\u00e1 \u010d\u00e1st modr\u00e9 a zelen\u00e9 t\u0159\u00eddy spole\u010dn\u011b na \u0161kolu v p\u0159\u00edrod\u011b do \u0160tramberka.\",\"breadcrumb\":{\"@id\":\"https:\\\/\\\/www.montessoriostrava.cz\\\/zs\\\/skola-v-prirode\\\/#breadcrumb\"},\"inLanguage\":\"cs\",\"potentialAction\":[{\"@type\":\"ReadAction\",\"target\":[\"https:\\\/\\\/www.montessoriostrava.cz\\\/zs\\\/skola-v-prirode\\\/\"]}]},{\"@type\":\"ImageObject\",\"inLanguage\":\"cs\",\"@id\":\"https:\\\/\\\/www.montessoriostrava.cz\\\/zs\\\/skola-v-prirode\\\/#primaryimage\",\"url\":\"https:\\\/\\\/www.montessoriostrava.cz\\\/zs\\\/wp-content\\\/uploads\\\/sites\\\/3\\\/2024\\\/09\\\/443712609_958129662986851_7198030767352450409_n-1024x768-1.jpg\",\"contentUrl\":\"https:\\\/\\\/www.montessoriostrava.cz\\\/zs\\\/wp-content\\\/uploads\\\/sites\\\/3\\\/2024\\\/09\\\/443712609_958129662986851_7198030767352450409_n-1024x768-1.jpg\",\"width\":1024,\"height\":768},{\"@type\":\"BreadcrumbList\",\"@id\":\"https:\\\/\\\/www.montessoriostrava.cz\\\/zs\\\/skola-v-prirode\\\/#breadcrumb\",\"itemListElement\":[{\"@type\":\"ListItem\",\"position\":1,\"name\":\"Dom\u016f\",\"item\":\"https:\\\/\\\/www.montessoriostrava.cz\\\/zs\\\/\"},{\"@type\":\"ListItem\",\"position\":2,\"name\":\"\u0160kola v p\u0159\u00edrod\u011b\"}]},{\"@type\":\"WebSite\",\"@id\":\"https:\\\/\\\/www.montessoriostrava.cz\\\/zs\\\/#website\",\"url\":\"https:\\\/\\\/www.montessoriostrava.cz\\\/zs\\\/\",\"name\":\"Z\u0160 Montessori Ostrava\",\"description\":\"Z\u00e1kladn\u00ed \u0161kola s respektem!\",\"publisher\":{\"@id\":\"https:\\\/\\\/www.montessoriostrava.cz\\\/zs\\\/#organization\"},\"potentialAction\":[{\"@type\":\"SearchAction\",\"target\":{\"@type\":\"EntryPoint\",\"urlTemplate\":\"https:\\\/\\\/www.montessoriostrava.cz\\\/zs\\\/?s={search_term_string}\"},\"query-input\":{\"@type\":\"PropertyValueSpecification\",\"valueRequired\":true,\"valueName\":\"search_term_string\"}}],\"inLanguage\":\"cs\"},{\"@type\":\"Organization\",\"@id\":\"https:\\\/\\\/www.montessoriostrava.cz\\\/zs\\\/#organization\",\"name\":\"Montessori Ostrava\",\"url\":\"https:\\\/\\\/www.montessoriostrava.cz\\\/zs\\\/\",\"logo\":{\"@type\":\"ImageObject\",\"inLanguage\":\"cs\",\"@id\":\"https:\\\/\\\/www.montessoriostrava.cz\\\/zs\\\/#\\\/schema\\\/logo\\\/image\\\/\",\"url\":\"https:\\\/\\\/www.montessoriostrava.cz\\\/zs\\\/wp-content\\\/uploads\\\/sites\\\/3\\\/2025\\\/01\\\/logo-montessori.png\",\"contentUrl\":\"https:\\\/\\\/www.montessoriostrava.cz\\\/zs\\\/wp-content\\\/uploads\\\/sites\\\/3\\\/2025\\\/01\\\/logo-montessori.png\",\"width\":1794,\"height\":527,\"caption\":\"Montessori Ostrava\"},\"image\":{\"@id\":\"https:\\\/\\\/www.montessoriostrava.cz\\\/zs\\\/#\\\/schema\\\/logo\\\/image\\\/\"}},{\"@type\":\"Person\",\"@id\":\"https:\\\/\\\/www.montessoriostrava.cz\\\/zs\\\/#\\\/schema\\\/person\\\/5dc0051888ae972ef0c403e95bd94ab2\",\"name\":\"radanjunger\",\"image\":{\"@type\":\"ImageObject\",\"inLanguage\":\"cs\",\"@id\":\"https:\\\/\\\/secure.gravatar.com\\\/avatar\\\/ea9105630782250b5f04ba9be1c580ace99b35751175b96ec0111f0f8ab7c5df?s=96&d=mm&r=g\",\"url\":\"https:\\\/\\\/secure.gravatar.com\\\/avatar\\\/ea9105630782250b5f04ba9be1c580ace99b35751175b96ec0111f0f8ab7c5df?s=96&d=mm&r=g\",\"contentUrl\":\"https:\\\/\\\/secure.gravatar.com\\\/avatar\\\/ea9105630782250b5f04ba9be1c580ace99b35751175b96ec0111f0f8ab7c5df?s=96&d=mm&r=g\",\"caption\":\"radanjunger\"}}]}<\/script>\n<!-- \/ Yoast SEO plugin. -->","yoast_head_json":{"title":"\u0160kola v p\u0159\u00edrod\u011b | Z\u0160 Montessori Ostrava","description":"\u0160kola v p\u0159\u00edrod\u011b \u2013 \u010dtvrt\u00fd a p\u00e1t\u00fd ro\u010dn\u00edk\u2026 Tento t\u00fdden odjela velk\u00e1 \u010d\u00e1st modr\u00e9 a zelen\u00e9 t\u0159\u00eddy spole\u010dn\u011b na \u0161kolu v p\u0159\u00edrod\u011b do \u0160tramberka.","robots":{"index":"index","follow":"follow","max-snippet":"max-snippet:-1","max-image-preview":"max-image-preview:large","max-video-preview":"max-video-preview:-1"},"canonical":"https:\/\/www.montessoriostrava.cz\/zs\/skola-v-prirode\/","og_locale":"cs_CZ","og_type":"article","og_title":"\u0160kola v p\u0159\u00edrod\u011b | Z\u0160 Montessori Ostrava","og_description":"\u0160kola v p\u0159\u00edrod\u011b \u2013 \u010dtvrt\u00fd a p\u00e1t\u00fd ro\u010dn\u00edk\u2026 Tento t\u00fdden odjela velk\u00e1 \u010d\u00e1st modr\u00e9 a zelen\u00e9 t\u0159\u00eddy spole\u010dn\u011b na \u0161kolu v p\u0159\u00edrod\u011b do \u0160tramberka.","og_url":"https:\/\/www.montessoriostrava.cz\/zs\/skola-v-prirode\/","og_site_name":"Z\u0160 Montessori Ostrava","article_published_time":"2024-05-24T10:04:01+00:00","article_modified_time":"2025-02-25T09:34:46+00:00","og_image":[{"width":1024,"height":768,"url":"https:\/\/www.montessoriostrava.cz\/zs\/wp-content\/uploads\/sites\/3\/2024\/09\/443712609_958129662986851_7198030767352450409_n-1024x768-1.jpg","type":"image\/jpeg"}],"author":"radanjunger","twitter_card":"summary_large_image","twitter_misc":{"Napsal(a)":"radanjunger","Odhadovan\u00e1 doba \u010dten\u00ed":"3 minuty"},"schema":{"@context":"https:\/\/schema.org","@graph":[{"@type":"Article","@id":"https:\/\/www.montessoriostrava.cz\/zs\/skola-v-prirode\/#article","isPartOf":{"@id":"https:\/\/www.montessoriostrava.cz\/zs\/skola-v-prirode\/"},"author":{"name":"radanjunger","@id":"https:\/\/www.montessoriostrava.cz\/zs\/#\/schema\/person\/5dc0051888ae972ef0c403e95bd94ab2"},"headline":"\u0160kola v p\u0159\u00edrod\u011b","datePublished":"2024-05-24T10:04:01+00:00","dateModified":"2025-02-25T09:34:46+00:00","mainEntityOfPage":{"@id":"https:\/\/www.montessoriostrava.cz\/zs\/skola-v-prirode\/"},"wordCount":63,"publisher":{"@id":"https:\/\/www.montessoriostrava.cz\/zs\/#organization"},"image":{"@id":"https:\/\/www.montessoriostrava.cz\/zs\/skola-v-prirode\/#primaryimage"},"thumbnailUrl":"https:\/\/www.montessoriostrava.cz\/zs\/wp-content\/uploads\/sites\/3\/2024\/09\/443712609_958129662986851_7198030767352450409_n-1024x768-1.jpg","inLanguage":"cs"},{"@type":"WebPage","@id":"https:\/\/www.montessoriostrava.cz\/zs\/skola-v-prirode\/","url":"https:\/\/www.montessoriostrava.cz\/zs\/skola-v-prirode\/","name":"\u0160kola v p\u0159\u00edrod\u011b | Z\u0160 Montessori Ostrava","isPartOf":{"@id":"https:\/\/www.montessoriostrava.cz\/zs\/#website"},"primaryImageOfPage":{"@id":"https:\/\/www.montessoriostrava.cz\/zs\/skola-v-prirode\/#primaryimage"},"image":{"@id":"https:\/\/www.montessoriostrava.cz\/zs\/skola-v-prirode\/#primaryimage"},"thumbnailUrl":"https:\/\/www.montessoriostrava.cz\/zs\/wp-content\/uploads\/sites\/3\/2024\/09\/443712609_958129662986851_7198030767352450409_n-1024x768-1.jpg","datePublished":"2024-05-24T10:04:01+00:00","dateModified":"2025-02-25T09:34:46+00:00","description":"\u0160kola v p\u0159\u00edrod\u011b \u2013 \u010dtvrt\u00fd a p\u00e1t\u00fd ro\u010dn\u00edk\u2026 Tento t\u00fdden odjela velk\u00e1 \u010d\u00e1st modr\u00e9 a zelen\u00e9 t\u0159\u00eddy spole\u010dn\u011b na \u0161kolu v p\u0159\u00edrod\u011b do \u0160tramberka.","breadcrumb":{"@id":"https:\/\/www.montessoriostrava.cz\/zs\/skola-v-prirode\/#breadcrumb"},"inLanguage":"cs","potentialAction":[{"@type":"ReadAction","target":["https:\/\/www.montessoriostrava.cz\/zs\/skola-v-prirode\/"]}]},{"@type":"ImageObject","inLanguage":"cs","@id":"https:\/\/www.montessoriostrava.cz\/zs\/skola-v-prirode\/#primaryimage","url":"https:\/\/www.montessoriostrava.cz\/zs\/wp-content\/uploads\/sites\/3\/2024\/09\/443712609_958129662986851_7198030767352450409_n-1024x768-1.jpg","contentUrl":"https:\/\/www.montessoriostrava.cz\/zs\/wp-content\/uploads\/sites\/3\/2024\/09\/443712609_958129662986851_7198030767352450409_n-1024x768-1.jpg","width":1024,"height":768},{"@type":"BreadcrumbList","@id":"https:\/\/www.montessoriostrava.cz\/zs\/skola-v-prirode\/#breadcrumb","itemListElement":[{"@type":"ListItem","position":1,"name":"Dom\u016f","item":"https:\/\/www.montessoriostrava.cz\/zs\/"},{"@type":"ListItem","position":2,"name":"\u0160kola v p\u0159\u00edrod\u011b"}]},{"@type":"WebSite","@id":"https:\/\/www.montessoriostrava.cz\/zs\/#website","url":"https:\/\/www.montessoriostrava.cz\/zs\/","name":"Z\u0160 Montessori Ostrava","description":"Z\u00e1kladn\u00ed \u0161kola s respektem!","publisher":{"@id":"https:\/\/www.montessoriostrava.cz\/zs\/#organization"},"potentialAction":[{"@type":"SearchAction","target":{"@type":"EntryPoint","urlTemplate":"https:\/\/www.montessoriostrava.cz\/zs\/?s={search_term_string}"},"query-input":{"@type":"PropertyValueSpecification","valueRequired":true,"valueName":"search_term_string"}}],"inLanguage":"cs"},{"@type":"Organization","@id":"https:\/\/www.montessoriostrava.cz\/zs\/#organization","name":"Montessori Ostrava","url":"https:\/\/www.montessoriostrava.cz\/zs\/","logo":{"@type":"ImageObject","inLanguage":"cs","@id":"https:\/\/www.montessoriostrava.cz\/zs\/#\/schema\/logo\/image\/","url":"https:\/\/www.montessoriostrava.cz\/zs\/wp-content\/uploads\/sites\/3\/2025\/01\/logo-montessori.png","contentUrl":"https:\/\/www.montessoriostrava.cz\/zs\/wp-content\/uploads\/sites\/3\/2025\/01\/logo-montessori.png","width":1794,"height":527,"caption":"Montessori Ostrava"},"image":{"@id":"https:\/\/www.montessoriostrava.cz\/zs\/#\/schema\/logo\/image\/"}},{"@type":"Person","@id":"https:\/\/www.montessoriostrava.cz\/zs\/#\/schema\/person\/5dc0051888ae972ef0c403e95bd94ab2","name":"radanjunger","image":{"@type":"ImageObject","inLanguage":"cs","@id":"https:\/\/secure.gravatar.com\/avatar\/ea9105630782250b5f04ba9be1c580ace99b35751175b96ec0111f0f8ab7c5df?s=96&d=mm&r=g","url":"https:\/\/secure.gravatar.com\/avatar\/ea9105630782250b5f04ba9be1c580ace99b35751175b96ec0111f0f8ab7c5df?s=96&d=mm&r=g","contentUrl":"https:\/\/secure.gravatar.com\/avatar\/ea9105630782250b5f04ba9be1c580ace99b35751175b96ec0111f0f8ab7c5df?s=96&d=mm&r=g","caption":"radanjunger"}}]}},"_links":{"self":[{"href":"https:\/\/www.montessoriostrava.cz\/zs\/wp-json\/wp\/v2\/posts\/116","targetHints":{"allow":["GET"]}}],"collection":[{"href":"https:\/\/www.montessoriostrava.cz\/zs\/wp-json\/wp\/v2\/posts"}],"about":[{"href":"https:\/\/www.montessoriostrava.cz\/zs\/wp-json\/wp\/v2\/types\/post"}],"author":[{"embeddable":true,"href":"https:\/\/www.montessoriostrava.cz\/zs\/wp-json\/wp\/v2\/users\/3"}],"replies":[{"embeddable":true,"href":"https:\/\/www.montessoriostrava.cz\/zs\/wp-json\/wp\/v2\/comments?post=116"}],"version-history":[{"count":1,"href":"https:\/\/www.montessoriostrava.cz\/zs\/wp-json\/wp\/v2\/posts\/116\/revisions"}],"predecessor-version":[{"id":125,"href":"https:\/\/www.montessoriostrava.cz\/zs\/wp-json\/wp\/v2\/posts\/116\/revisions\/125"}],"wp:featuredmedia":[{"embeddable":true,"href":"https:\/\/www.montessoriostrava.cz\/zs\/wp-json\/wp\/v2\/media\/118"}],"wp:attachment":[{"href":"https:\/\/www.montessoriostrava.cz\/zs\/wp-json\/wp\/v2\/media?parent=116"}],"wp:term":[{"taxonomy":"category","embeddable":true,"href":"https:\/\/www.montessoriostrava.cz\/zs\/wp-json\/wp\/v2\/categories?post=116"},{"taxonomy":"post_tag","embeddable":true,"href":"https:\/\/www.montessoriostrava.cz\/zs\/wp-json\/wp\/v2\/tags?post=116"}],"curies":[{"name":"wp","href":"https:\/\/api.w.org\/{rel}","templated":true}]}}