{"id":605,"date":"2025-01-22T08:50:51","date_gmt":"2025-01-22T07:50:51","guid":{"rendered":"https:\/\/www.montessoriostrava.cz\/zs\/?p=605"},"modified":"2025-02-03T14:07:00","modified_gmt":"2025-02-03T13:07:00","slug":"den-otevrenych-dveri-28-1-2025","status":"publish","type":"post","link":"https:\/\/www.montessoriostrava.cz\/zs\/den-otevrenych-dveri-28-1-2025\/","title":{"rendered":"Den otev\u0159en\u00fdch dve\u0159\u00ed 28.1.2025"},"content":{"rendered":"\n<p>Dejte va\u0161im d\u011btem \u0161anci r\u016fst!<\/p>\n\n\n\n<p>Zveme v\u00e1s na celo\u0161kolsk\u00fd Den otev\u0159en\u00fdch dve\u0159\u00ed, kter\u00fd se uskute\u010dn\u00ed <strong>28. 1. 2025 od 9:00 do 17:00.<\/strong><\/p>\n\n\n\n<ul class=\"wp-block-list\">\n<li>P\u0159ij\u010fte se pod\u00edvat, jak u\u010d\u00edme v souvislostech a p\u0159ipravujeme d\u011bti na \u017eivot.<\/li>\n\n\n\n<li>Na\u0161i u\u010ditel\u00e9 a pr\u016fvodci v\u00e1m r\u00e1di porad\u00ed a pomohou v\u00e1m i va\u0161im d\u011btem vyniknout!<\/li>\n\n\n\n<li>Zkuste zm\u011bnu a poznejte \u0161kolu, kde rozvoj ka\u017ed\u00e9ho d\u00edt\u011bte je na prvn\u00edm m\u00edst\u011b.<\/li>\n<\/ul>\n\n\n\n<p><strong>Zaregistrujte si sv\u00e9 m\u00edsto <a href=\"https:\/\/docs.google.com\/forms\/d\/e\/1FAIpQLScES4fBoZ5zRdXbi-QIyQgkA6dThVU0Hxk8Eiv2EF8rFrZALA\/viewform\">zde<\/a>!<\/strong><\/p>\n\n\n\n<p>T\u011b\u0161\u00edme se na v\u00e1s!<\/p>\n\n\n\n<p><\/p>\n","protected":false},"excerpt":{"rendered":"<p>Dejte va\u0161im d\u011btem \u0161anci r\u016fst! Zveme v\u00e1s na celo\u0161kolsk\u00fd Den otev\u0159en\u00fdch dve\u0159\u00ed, kter\u00fd se uskute\u010dn\u00ed 28. 1. 2025 od 9:00 do 17:00. Zaregistrujte si sv\u00e9 m\u00edsto zde! T\u011b\u0161\u00edme se na v\u00e1s!<\/p>\n","protected":false},"author":3,"featured_media":606,"comment_status":"closed","ping_status":"closed","sticky":false,"template":"","format":"standard","meta":{"footnotes":""},"categories":[1],"tags":[],"class_list":["post-605","post","type-post","status-publish","format-standard","has-post-thumbnail","hentry","category-nezarazene"],"acf":[],"yoast_head":"<!-- This site is optimized with the Yoast SEO plugin v27.5 - https:\/\/yoast.com\/product\/yoast-seo-wordpress\/ -->\n<title>Den otev\u0159en\u00fdch dve\u0159\u00ed 28.1.2025 | Z\u0160 Montessori Ostrava<\/title>\n<meta name=\"description\" content=\"Zveme v\u00e1s na celo\u0161kolsk\u00fd Den otev\u0159en\u00fdch dve\u0159\u00ed, kter\u00fd se uskute\u010dn\u00ed 28. 1. 2025 od 9:00 do 17:00.\" \/>\n<meta name=\"robots\" content=\"index, follow, max-snippet:-1, max-image-preview:large, max-video-preview:-1\" \/>\n<link rel=\"canonical\" href=\"https:\/\/www.montessoriostrava.cz\/zs\/den-otevrenych-dveri-28-1-2025\/\" \/>\n<meta property=\"og:locale\" content=\"cs_CZ\" \/>\n<meta property=\"og:type\" content=\"article\" \/>\n<meta property=\"og:title\" content=\"Den otev\u0159en\u00fdch dve\u0159\u00ed 28.1.2025 | Z\u0160 Montessori Ostrava\" \/>\n<meta property=\"og:description\" content=\"Zveme v\u00e1s na celo\u0161kolsk\u00fd Den otev\u0159en\u00fdch dve\u0159\u00ed, kter\u00fd se uskute\u010dn\u00ed 28. 1. 2025 od 9:00 do 17:00.\" \/>\n<meta property=\"og:url\" content=\"https:\/\/www.montessoriostrava.cz\/zs\/den-otevrenych-dveri-28-1-2025\/\" \/>\n<meta property=\"og:site_name\" content=\"Z\u0160 Montessori Ostrava\" \/>\n<meta property=\"article:published_time\" content=\"2025-01-22T07:50:51+00:00\" \/>\n<meta property=\"article:modified_time\" content=\"2025-02-03T13:07:00+00:00\" \/>\n<meta property=\"og:image\" content=\"https:\/\/www.montessoriostrava.cz\/zs\/wp-content\/uploads\/sites\/3\/2025\/01\/ig-dod-spolecny.png\" \/>\n\t<meta property=\"og:image:width\" content=\"1080\" \/>\n\t<meta property=\"og:image:height\" content=\"1080\" \/>\n\t<meta property=\"og:image:type\" content=\"image\/png\" \/>\n<meta name=\"author\" content=\"radanjunger\" \/>\n<meta name=\"twitter:card\" content=\"summary_large_image\" \/>\n<meta name=\"twitter:label1\" content=\"Napsal(a)\" \/>\n\t<meta name=\"twitter:data1\" content=\"radanjunger\" \/>\n\t<meta name=\"twitter:label2\" content=\"Odhadovan\u00e1 doba \u010dten\u00ed\" \/>\n\t<meta name=\"twitter:data2\" content=\"1 minuta\" \/>\n<script type=\"application\/ld+json\" class=\"yoast-schema-graph\">{\"@context\":\"https:\\\/\\\/schema.org\",\"@graph\":[{\"@type\":\"Article\",\"@id\":\"https:\\\/\\\/www.montessoriostrava.cz\\\/zs\\\/den-otevrenych-dveri-28-1-2025\\\/#article\",\"isPartOf\":{\"@id\":\"https:\\\/\\\/www.montessoriostrava.cz\\\/zs\\\/den-otevrenych-dveri-28-1-2025\\\/\"},\"author\":{\"name\":\"radanjunger\",\"@id\":\"https:\\\/\\\/www.montessoriostrava.cz\\\/zs\\\/#\\\/schema\\\/person\\\/5dc0051888ae972ef0c403e95bd94ab2\"},\"headline\":\"Den otev\u0159en\u00fdch dve\u0159\u00ed 28.1.2025\",\"datePublished\":\"2025-01-22T07:50:51+00:00\",\"dateModified\":\"2025-02-03T13:07:00+00:00\",\"mainEntityOfPage\":{\"@id\":\"https:\\\/\\\/www.montessoriostrava.cz\\\/zs\\\/den-otevrenych-dveri-28-1-2025\\\/\"},\"wordCount\":102,\"publisher\":{\"@id\":\"https:\\\/\\\/www.montessoriostrava.cz\\\/zs\\\/#organization\"},\"image\":{\"@id\":\"https:\\\/\\\/www.montessoriostrava.cz\\\/zs\\\/den-otevrenych-dveri-28-1-2025\\\/#primaryimage\"},\"thumbnailUrl\":\"https:\\\/\\\/www.montessoriostrava.cz\\\/zs\\\/wp-content\\\/uploads\\\/sites\\\/3\\\/2025\\\/01\\\/ig-dod-spolecny.png\",\"inLanguage\":\"cs\"},{\"@type\":\"WebPage\",\"@id\":\"https:\\\/\\\/www.montessoriostrava.cz\\\/zs\\\/den-otevrenych-dveri-28-1-2025\\\/\",\"url\":\"https:\\\/\\\/www.montessoriostrava.cz\\\/zs\\\/den-otevrenych-dveri-28-1-2025\\\/\",\"name\":\"Den otev\u0159en\u00fdch dve\u0159\u00ed 28.1.2025 | Z\u0160 Montessori Ostrava\",\"isPartOf\":{\"@id\":\"https:\\\/\\\/www.montessoriostrava.cz\\\/zs\\\/#website\"},\"primaryImageOfPage\":{\"@id\":\"https:\\\/\\\/www.montessoriostrava.cz\\\/zs\\\/den-otevrenych-dveri-28-1-2025\\\/#primaryimage\"},\"image\":{\"@id\":\"https:\\\/\\\/www.montessoriostrava.cz\\\/zs\\\/den-otevrenych-dveri-28-1-2025\\\/#primaryimage\"},\"thumbnailUrl\":\"https:\\\/\\\/www.montessoriostrava.cz\\\/zs\\\/wp-content\\\/uploads\\\/sites\\\/3\\\/2025\\\/01\\\/ig-dod-spolecny.png\",\"datePublished\":\"2025-01-22T07:50:51+00:00\",\"dateModified\":\"2025-02-03T13:07:00+00:00\",\"description\":\"Zveme v\u00e1s na celo\u0161kolsk\u00fd Den otev\u0159en\u00fdch dve\u0159\u00ed, kter\u00fd se uskute\u010dn\u00ed 28. 1. 2025 od 9:00 do 17:00.\",\"breadcrumb\":{\"@id\":\"https:\\\/\\\/www.montessoriostrava.cz\\\/zs\\\/den-otevrenych-dveri-28-1-2025\\\/#breadcrumb\"},\"inLanguage\":\"cs\",\"potentialAction\":[{\"@type\":\"ReadAction\",\"target\":[\"https:\\\/\\\/www.montessoriostrava.cz\\\/zs\\\/den-otevrenych-dveri-28-1-2025\\\/\"]}]},{\"@type\":\"ImageObject\",\"inLanguage\":\"cs\",\"@id\":\"https:\\\/\\\/www.montessoriostrava.cz\\\/zs\\\/den-otevrenych-dveri-28-1-2025\\\/#primaryimage\",\"url\":\"https:\\\/\\\/www.montessoriostrava.cz\\\/zs\\\/wp-content\\\/uploads\\\/sites\\\/3\\\/2025\\\/01\\\/ig-dod-spolecny.png\",\"contentUrl\":\"https:\\\/\\\/www.montessoriostrava.cz\\\/zs\\\/wp-content\\\/uploads\\\/sites\\\/3\\\/2025\\\/01\\\/ig-dod-spolecny.png\",\"width\":1080,\"height\":1080},{\"@type\":\"BreadcrumbList\",\"@id\":\"https:\\\/\\\/www.montessoriostrava.cz\\\/zs\\\/den-otevrenych-dveri-28-1-2025\\\/#breadcrumb\",\"itemListElement\":[{\"@type\":\"ListItem\",\"position\":1,\"name\":\"Dom\u016f\",\"item\":\"https:\\\/\\\/www.montessoriostrava.cz\\\/zs\\\/\"},{\"@type\":\"ListItem\",\"position\":2,\"name\":\"Den otev\u0159en\u00fdch dve\u0159\u00ed 28.1.2025\"}]},{\"@type\":\"WebSite\",\"@id\":\"https:\\\/\\\/www.montessoriostrava.cz\\\/zs\\\/#website\",\"url\":\"https:\\\/\\\/www.montessoriostrava.cz\\\/zs\\\/\",\"name\":\"Z\u0160 Montessori Ostrava\",\"description\":\"Z\u00e1kladn\u00ed \u0161kola s respektem!\",\"publisher\":{\"@id\":\"https:\\\/\\\/www.montessoriostrava.cz\\\/zs\\\/#organization\"},\"potentialAction\":[{\"@type\":\"SearchAction\",\"target\":{\"@type\":\"EntryPoint\",\"urlTemplate\":\"https:\\\/\\\/www.montessoriostrava.cz\\\/zs\\\/?s={search_term_string}\"},\"query-input\":{\"@type\":\"PropertyValueSpecification\",\"valueRequired\":true,\"valueName\":\"search_term_string\"}}],\"inLanguage\":\"cs\"},{\"@type\":\"Organization\",\"@id\":\"https:\\\/\\\/www.montessoriostrava.cz\\\/zs\\\/#organization\",\"name\":\"Montessori Ostrava\",\"url\":\"https:\\\/\\\/www.montessoriostrava.cz\\\/zs\\\/\",\"logo\":{\"@type\":\"ImageObject\",\"inLanguage\":\"cs\",\"@id\":\"https:\\\/\\\/www.montessoriostrava.cz\\\/zs\\\/#\\\/schema\\\/logo\\\/image\\\/\",\"url\":\"https:\\\/\\\/www.montessoriostrava.cz\\\/zs\\\/wp-content\\\/uploads\\\/sites\\\/3\\\/2025\\\/01\\\/logo-montessori.png\",\"contentUrl\":\"https:\\\/\\\/www.montessoriostrava.cz\\\/zs\\\/wp-content\\\/uploads\\\/sites\\\/3\\\/2025\\\/01\\\/logo-montessori.png\",\"width\":1794,\"height\":527,\"caption\":\"Montessori Ostrava\"},\"image\":{\"@id\":\"https:\\\/\\\/www.montessoriostrava.cz\\\/zs\\\/#\\\/schema\\\/logo\\\/image\\\/\"}},{\"@type\":\"Person\",\"@id\":\"https:\\\/\\\/www.montessoriostrava.cz\\\/zs\\\/#\\\/schema\\\/person\\\/5dc0051888ae972ef0c403e95bd94ab2\",\"name\":\"radanjunger\",\"image\":{\"@type\":\"ImageObject\",\"inLanguage\":\"cs\",\"@id\":\"https:\\\/\\\/secure.gravatar.com\\\/avatar\\\/ea9105630782250b5f04ba9be1c580ace99b35751175b96ec0111f0f8ab7c5df?s=96&d=mm&r=g\",\"url\":\"https:\\\/\\\/secure.gravatar.com\\\/avatar\\\/ea9105630782250b5f04ba9be1c580ace99b35751175b96ec0111f0f8ab7c5df?s=96&d=mm&r=g\",\"contentUrl\":\"https:\\\/\\\/secure.gravatar.com\\\/avatar\\\/ea9105630782250b5f04ba9be1c580ace99b35751175b96ec0111f0f8ab7c5df?s=96&d=mm&r=g\",\"caption\":\"radanjunger\"}}]}<\/script>\n<!-- \/ Yoast SEO plugin. -->","yoast_head_json":{"title":"Den otev\u0159en\u00fdch dve\u0159\u00ed 28.1.2025 | Z\u0160 Montessori Ostrava","description":"Zveme v\u00e1s na celo\u0161kolsk\u00fd Den otev\u0159en\u00fdch dve\u0159\u00ed, kter\u00fd se uskute\u010dn\u00ed 28. 1. 2025 od 9:00 do 17:00.","robots":{"index":"index","follow":"follow","max-snippet":"max-snippet:-1","max-image-preview":"max-image-preview:large","max-video-preview":"max-video-preview:-1"},"canonical":"https:\/\/www.montessoriostrava.cz\/zs\/den-otevrenych-dveri-28-1-2025\/","og_locale":"cs_CZ","og_type":"article","og_title":"Den otev\u0159en\u00fdch dve\u0159\u00ed 28.1.2025 | Z\u0160 Montessori Ostrava","og_description":"Zveme v\u00e1s na celo\u0161kolsk\u00fd Den otev\u0159en\u00fdch dve\u0159\u00ed, kter\u00fd se uskute\u010dn\u00ed 28. 1. 2025 od 9:00 do 17:00.","og_url":"https:\/\/www.montessoriostrava.cz\/zs\/den-otevrenych-dveri-28-1-2025\/","og_site_name":"Z\u0160 Montessori Ostrava","article_published_time":"2025-01-22T07:50:51+00:00","article_modified_time":"2025-02-03T13:07:00+00:00","og_image":[{"width":1080,"height":1080,"url":"https:\/\/www.montessoriostrava.cz\/zs\/wp-content\/uploads\/sites\/3\/2025\/01\/ig-dod-spolecny.png","type":"image\/png"}],"author":"radanjunger","twitter_card":"summary_large_image","twitter_misc":{"Napsal(a)":"radanjunger","Odhadovan\u00e1 doba \u010dten\u00ed":"1 minuta"},"schema":{"@context":"https:\/\/schema.org","@graph":[{"@type":"Article","@id":"https:\/\/www.montessoriostrava.cz\/zs\/den-otevrenych-dveri-28-1-2025\/#article","isPartOf":{"@id":"https:\/\/www.montessoriostrava.cz\/zs\/den-otevrenych-dveri-28-1-2025\/"},"author":{"name":"radanjunger","@id":"https:\/\/www.montessoriostrava.cz\/zs\/#\/schema\/person\/5dc0051888ae972ef0c403e95bd94ab2"},"headline":"Den otev\u0159en\u00fdch dve\u0159\u00ed 28.1.2025","datePublished":"2025-01-22T07:50:51+00:00","dateModified":"2025-02-03T13:07:00+00:00","mainEntityOfPage":{"@id":"https:\/\/www.montessoriostrava.cz\/zs\/den-otevrenych-dveri-28-1-2025\/"},"wordCount":102,"publisher":{"@id":"https:\/\/www.montessoriostrava.cz\/zs\/#organization"},"image":{"@id":"https:\/\/www.montessoriostrava.cz\/zs\/den-otevrenych-dveri-28-1-2025\/#primaryimage"},"thumbnailUrl":"https:\/\/www.montessoriostrava.cz\/zs\/wp-content\/uploads\/sites\/3\/2025\/01\/ig-dod-spolecny.png","inLanguage":"cs"},{"@type":"WebPage","@id":"https:\/\/www.montessoriostrava.cz\/zs\/den-otevrenych-dveri-28-1-2025\/","url":"https:\/\/www.montessoriostrava.cz\/zs\/den-otevrenych-dveri-28-1-2025\/","name":"Den otev\u0159en\u00fdch dve\u0159\u00ed 28.1.2025 | Z\u0160 Montessori Ostrava","isPartOf":{"@id":"https:\/\/www.montessoriostrava.cz\/zs\/#website"},"primaryImageOfPage":{"@id":"https:\/\/www.montessoriostrava.cz\/zs\/den-otevrenych-dveri-28-1-2025\/#primaryimage"},"image":{"@id":"https:\/\/www.montessoriostrava.cz\/zs\/den-otevrenych-dveri-28-1-2025\/#primaryimage"},"thumbnailUrl":"https:\/\/www.montessoriostrava.cz\/zs\/wp-content\/uploads\/sites\/3\/2025\/01\/ig-dod-spolecny.png","datePublished":"2025-01-22T07:50:51+00:00","dateModified":"2025-02-03T13:07:00+00:00","description":"Zveme v\u00e1s na celo\u0161kolsk\u00fd Den otev\u0159en\u00fdch dve\u0159\u00ed, kter\u00fd se uskute\u010dn\u00ed 28. 1. 2025 od 9:00 do 17:00.","breadcrumb":{"@id":"https:\/\/www.montessoriostrava.cz\/zs\/den-otevrenych-dveri-28-1-2025\/#breadcrumb"},"inLanguage":"cs","potentialAction":[{"@type":"ReadAction","target":["https:\/\/www.montessoriostrava.cz\/zs\/den-otevrenych-dveri-28-1-2025\/"]}]},{"@type":"ImageObject","inLanguage":"cs","@id":"https:\/\/www.montessoriostrava.cz\/zs\/den-otevrenych-dveri-28-1-2025\/#primaryimage","url":"https:\/\/www.montessoriostrava.cz\/zs\/wp-content\/uploads\/sites\/3\/2025\/01\/ig-dod-spolecny.png","contentUrl":"https:\/\/www.montessoriostrava.cz\/zs\/wp-content\/uploads\/sites\/3\/2025\/01\/ig-dod-spolecny.png","width":1080,"height":1080},{"@type":"BreadcrumbList","@id":"https:\/\/www.montessoriostrava.cz\/zs\/den-otevrenych-dveri-28-1-2025\/#breadcrumb","itemListElement":[{"@type":"ListItem","position":1,"name":"Dom\u016f","item":"https:\/\/www.montessoriostrava.cz\/zs\/"},{"@type":"ListItem","position":2,"name":"Den otev\u0159en\u00fdch dve\u0159\u00ed 28.1.2025"}]},{"@type":"WebSite","@id":"https:\/\/www.montessoriostrava.cz\/zs\/#website","url":"https:\/\/www.montessoriostrava.cz\/zs\/","name":"Z\u0160 Montessori Ostrava","description":"Z\u00e1kladn\u00ed \u0161kola s respektem!","publisher":{"@id":"https:\/\/www.montessoriostrava.cz\/zs\/#organization"},"potentialAction":[{"@type":"SearchAction","target":{"@type":"EntryPoint","urlTemplate":"https:\/\/www.montessoriostrava.cz\/zs\/?s={search_term_string}"},"query-input":{"@type":"PropertyValueSpecification","valueRequired":true,"valueName":"search_term_string"}}],"inLanguage":"cs"},{"@type":"Organization","@id":"https:\/\/www.montessoriostrava.cz\/zs\/#organization","name":"Montessori Ostrava","url":"https:\/\/www.montessoriostrava.cz\/zs\/","logo":{"@type":"ImageObject","inLanguage":"cs","@id":"https:\/\/www.montessoriostrava.cz\/zs\/#\/schema\/logo\/image\/","url":"https:\/\/www.montessoriostrava.cz\/zs\/wp-content\/uploads\/sites\/3\/2025\/01\/logo-montessori.png","contentUrl":"https:\/\/www.montessoriostrava.cz\/zs\/wp-content\/uploads\/sites\/3\/2025\/01\/logo-montessori.png","width":1794,"height":527,"caption":"Montessori Ostrava"},"image":{"@id":"https:\/\/www.montessoriostrava.cz\/zs\/#\/schema\/logo\/image\/"}},{"@type":"Person","@id":"https:\/\/www.montessoriostrava.cz\/zs\/#\/schema\/person\/5dc0051888ae972ef0c403e95bd94ab2","name":"radanjunger","image":{"@type":"ImageObject","inLanguage":"cs","@id":"https:\/\/secure.gravatar.com\/avatar\/ea9105630782250b5f04ba9be1c580ace99b35751175b96ec0111f0f8ab7c5df?s=96&d=mm&r=g","url":"https:\/\/secure.gravatar.com\/avatar\/ea9105630782250b5f04ba9be1c580ace99b35751175b96ec0111f0f8ab7c5df?s=96&d=mm&r=g","contentUrl":"https:\/\/secure.gravatar.com\/avatar\/ea9105630782250b5f04ba9be1c580ace99b35751175b96ec0111f0f8ab7c5df?s=96&d=mm&r=g","caption":"radanjunger"}}]}},"_links":{"self":[{"href":"https:\/\/www.montessoriostrava.cz\/zs\/wp-json\/wp\/v2\/posts\/605","targetHints":{"allow":["GET"]}}],"collection":[{"href":"https:\/\/www.montessoriostrava.cz\/zs\/wp-json\/wp\/v2\/posts"}],"about":[{"href":"https:\/\/www.montessoriostrava.cz\/zs\/wp-json\/wp\/v2\/types\/post"}],"author":[{"embeddable":true,"href":"https:\/\/www.montessoriostrava.cz\/zs\/wp-json\/wp\/v2\/users\/3"}],"replies":[{"embeddable":true,"href":"https:\/\/www.montessoriostrava.cz\/zs\/wp-json\/wp\/v2\/comments?post=605"}],"version-history":[{"count":4,"href":"https:\/\/www.montessoriostrava.cz\/zs\/wp-json\/wp\/v2\/posts\/605\/revisions"}],"predecessor-version":[{"id":611,"href":"https:\/\/www.montessoriostrava.cz\/zs\/wp-json\/wp\/v2\/posts\/605\/revisions\/611"}],"wp:featuredmedia":[{"embeddable":true,"href":"https:\/\/www.montessoriostrava.cz\/zs\/wp-json\/wp\/v2\/media\/606"}],"wp:attachment":[{"href":"https:\/\/www.montessoriostrava.cz\/zs\/wp-json\/wp\/v2\/media?parent=605"}],"wp:term":[{"taxonomy":"category","embeddable":true,"href":"https:\/\/www.montessoriostrava.cz\/zs\/wp-json\/wp\/v2\/categories?post=605"},{"taxonomy":"post_tag","embeddable":true,"href":"https:\/\/www.montessoriostrava.cz\/zs\/wp-json\/wp\/v2\/tags?post=605"}],"curies":[{"name":"wp","href":"https:\/\/api.w.org\/{rel}","templated":true}]}}