{"id":744,"date":"2025-04-30T15:00:00","date_gmt":"2025-04-30T13:00:00","guid":{"rendered":"https:\/\/www.montessoriostrava.cz\/zs\/?p=744"},"modified":"2025-05-04T15:03:38","modified_gmt":"2025-05-04T13:03:38","slug":"mezinarodni-den-cisla-%cf%80-v-1-trojroci-2","status":"publish","type":"post","link":"https:\/\/www.montessoriostrava.cz\/zs\/mezinarodni-den-cisla-%cf%80-v-1-trojroci-2\/","title":{"rendered":"\u0160kola v p\u0159\u00edrod\u011b"},"content":{"rendered":"\n<figure class=\"wp-block-gallery has-nested-images columns-default is-cropped wp-block-gallery-1 is-layout-flex wp-block-gallery-is-layout-flex\">\n<figure class=\"wp-block-image size-large\"><img loading=\"lazy\" decoding=\"async\" width=\"819\" height=\"1024\" data-id=\"756\" src=\"https:\/\/www.montessoriostrava.cz\/zs\/wp-content\/uploads\/sites\/3\/2025\/05\/495008398_18130505947423465_3289293700102955887_n-819x1024.jpg\" alt=\"\u0160kola v p\u0159\u00edrod\u011b\" class=\"wp-image-756\" srcset=\"https:\/\/www.montessoriostrava.cz\/zs\/wp-content\/uploads\/sites\/3\/2025\/05\/495008398_18130505947423465_3289293700102955887_n-819x1024.jpg 819w, https:\/\/www.montessoriostrava.cz\/zs\/wp-content\/uploads\/sites\/3\/2025\/05\/495008398_18130505947423465_3289293700102955887_n-240x300.jpg 240w, https:\/\/www.montessoriostrava.cz\/zs\/wp-content\/uploads\/sites\/3\/2025\/05\/495008398_18130505947423465_3289293700102955887_n-768x960.jpg 768w, https:\/\/www.montessoriostrava.cz\/zs\/wp-content\/uploads\/sites\/3\/2025\/05\/495008398_18130505947423465_3289293700102955887_n-1229x1536.jpg 1229w, https:\/\/www.montessoriostrava.cz\/zs\/wp-content\/uploads\/sites\/3\/2025\/05\/495008398_18130505947423465_3289293700102955887_n.jpg 1440w\" sizes=\"auto, (max-width: 819px) 100vw, 819px\" \/><\/figure>\n\n\n\n<figure class=\"wp-block-image size-large\"><img loading=\"lazy\" decoding=\"async\" width=\"820\" height=\"1024\" data-id=\"755\" src=\"https:\/\/www.montessoriostrava.cz\/zs\/wp-content\/uploads\/sites\/3\/2025\/05\/491470482_18130505965423465_3877292565346708198_n-820x1024.jpg\" alt=\"\u0160kola v p\u0159\u00edrod\u011b\" class=\"wp-image-755\" srcset=\"https:\/\/www.montessoriostrava.cz\/zs\/wp-content\/uploads\/sites\/3\/2025\/05\/491470482_18130505965423465_3877292565346708198_n-820x1024.jpg 820w, https:\/\/www.montessoriostrava.cz\/zs\/wp-content\/uploads\/sites\/3\/2025\/05\/491470482_18130505965423465_3877292565346708198_n-240x300.jpg 240w, https:\/\/www.montessoriostrava.cz\/zs\/wp-content\/uploads\/sites\/3\/2025\/05\/491470482_18130505965423465_3877292565346708198_n-768x959.jpg 768w, https:\/\/www.montessoriostrava.cz\/zs\/wp-content\/uploads\/sites\/3\/2025\/05\/491470482_18130505965423465_3877292565346708198_n-1229x1536.jpg 1229w, https:\/\/www.montessoriostrava.cz\/zs\/wp-content\/uploads\/sites\/3\/2025\/05\/491470482_18130505965423465_3877292565346708198_n.jpg 1440w\" sizes=\"auto, (max-width: 820px) 100vw, 820px\" \/><\/figure>\n\n\n\n<figure class=\"wp-block-image size-large\"><img loading=\"lazy\" decoding=\"async\" width=\"820\" height=\"1024\" data-id=\"754\" src=\"https:\/\/www.montessoriostrava.cz\/zs\/wp-content\/uploads\/sites\/3\/2025\/05\/494540858_18130506133423465_6389838063546817785_n-820x1024.jpg\" alt=\"\u0160kola v p\u0159\u00edrod\u011b\" class=\"wp-image-754\" srcset=\"https:\/\/www.montessoriostrava.cz\/zs\/wp-content\/uploads\/sites\/3\/2025\/05\/494540858_18130506133423465_6389838063546817785_n-820x1024.jpg 820w, https:\/\/www.montessoriostrava.cz\/zs\/wp-content\/uploads\/sites\/3\/2025\/05\/494540858_18130506133423465_6389838063546817785_n-240x300.jpg 240w, https:\/\/www.montessoriostrava.cz\/zs\/wp-content\/uploads\/sites\/3\/2025\/05\/494540858_18130506133423465_6389838063546817785_n-768x959.jpg 768w, https:\/\/www.montessoriostrava.cz\/zs\/wp-content\/uploads\/sites\/3\/2025\/05\/494540858_18130506133423465_6389838063546817785_n-1229x1536.jpg 1229w, https:\/\/www.montessoriostrava.cz\/zs\/wp-content\/uploads\/sites\/3\/2025\/05\/494540858_18130506133423465_6389838063546817785_n.jpg 1440w\" sizes=\"auto, (max-width: 820px) 100vw, 820px\" \/><\/figure>\n\n\n\n<figure class=\"wp-block-image size-large\"><img loading=\"lazy\" decoding=\"async\" width=\"820\" height=\"1024\" data-id=\"753\" src=\"https:\/\/www.montessoriostrava.cz\/zs\/wp-content\/uploads\/sites\/3\/2025\/05\/494831622_18130506142423465_1419239971843132210_n-820x1024.jpg\" alt=\"\u0160kola v p\u0159\u00edrod\u011b\" class=\"wp-image-753\" srcset=\"https:\/\/www.montessoriostrava.cz\/zs\/wp-content\/uploads\/sites\/3\/2025\/05\/494831622_18130506142423465_1419239971843132210_n-820x1024.jpg 820w, https:\/\/www.montessoriostrava.cz\/zs\/wp-content\/uploads\/sites\/3\/2025\/05\/494831622_18130506142423465_1419239971843132210_n-240x300.jpg 240w, https:\/\/www.montessoriostrava.cz\/zs\/wp-content\/uploads\/sites\/3\/2025\/05\/494831622_18130506142423465_1419239971843132210_n-768x959.jpg 768w, https:\/\/www.montessoriostrava.cz\/zs\/wp-content\/uploads\/sites\/3\/2025\/05\/494831622_18130506142423465_1419239971843132210_n-1229x1536.jpg 1229w, https:\/\/www.montessoriostrava.cz\/zs\/wp-content\/uploads\/sites\/3\/2025\/05\/494831622_18130506142423465_1419239971843132210_n.jpg 1440w\" sizes=\"auto, (max-width: 820px) 100vw, 820px\" \/><\/figure>\n\n\n\n<figure class=\"wp-block-image size-large\"><img loading=\"lazy\" decoding=\"async\" width=\"820\" height=\"1024\" data-id=\"752\" src=\"https:\/\/www.montessoriostrava.cz\/zs\/wp-content\/uploads\/sites\/3\/2025\/05\/494916604_18130506163423465_1536724666465536839_n-820x1024.jpg\" alt=\"\u0160kola v p\u0159\u00edrod\u011b\" class=\"wp-image-752\" srcset=\"https:\/\/www.montessoriostrava.cz\/zs\/wp-content\/uploads\/sites\/3\/2025\/05\/494916604_18130506163423465_1536724666465536839_n-820x1024.jpg 820w, https:\/\/www.montessoriostrava.cz\/zs\/wp-content\/uploads\/sites\/3\/2025\/05\/494916604_18130506163423465_1536724666465536839_n-240x300.jpg 240w, https:\/\/www.montessoriostrava.cz\/zs\/wp-content\/uploads\/sites\/3\/2025\/05\/494916604_18130506163423465_1536724666465536839_n-768x959.jpg 768w, https:\/\/www.montessoriostrava.cz\/zs\/wp-content\/uploads\/sites\/3\/2025\/05\/494916604_18130506163423465_1536724666465536839_n-1229x1536.jpg 1229w, https:\/\/www.montessoriostrava.cz\/zs\/wp-content\/uploads\/sites\/3\/2025\/05\/494916604_18130506163423465_1536724666465536839_n.jpg 1440w\" sizes=\"auto, (max-width: 820px) 100vw, 820px\" \/><\/figure>\n\n\n\n<figure class=\"wp-block-image size-large\"><img loading=\"lazy\" decoding=\"async\" width=\"820\" height=\"1024\" data-id=\"751\" src=\"https:\/\/www.montessoriostrava.cz\/zs\/wp-content\/uploads\/sites\/3\/2025\/05\/494853744_18130506190423465_7141041405228410131_n-820x1024.jpg\" alt=\"\u0160kola v p\u0159\u00edrod\u011b\" class=\"wp-image-751\" srcset=\"https:\/\/www.montessoriostrava.cz\/zs\/wp-content\/uploads\/sites\/3\/2025\/05\/494853744_18130506190423465_7141041405228410131_n-820x1024.jpg 820w, https:\/\/www.montessoriostrava.cz\/zs\/wp-content\/uploads\/sites\/3\/2025\/05\/494853744_18130506190423465_7141041405228410131_n-240x300.jpg 240w, https:\/\/www.montessoriostrava.cz\/zs\/wp-content\/uploads\/sites\/3\/2025\/05\/494853744_18130506190423465_7141041405228410131_n-768x959.jpg 768w, https:\/\/www.montessoriostrava.cz\/zs\/wp-content\/uploads\/sites\/3\/2025\/05\/494853744_18130506190423465_7141041405228410131_n-1229x1536.jpg 1229w, https:\/\/www.montessoriostrava.cz\/zs\/wp-content\/uploads\/sites\/3\/2025\/05\/494853744_18130506190423465_7141041405228410131_n.jpg 1440w\" sizes=\"auto, (max-width: 820px) 100vw, 820px\" \/><\/figure>\n\n\n\n<figure class=\"wp-block-image size-large\"><img loading=\"lazy\" decoding=\"async\" width=\"819\" height=\"1024\" data-id=\"750\" src=\"https:\/\/www.montessoriostrava.cz\/zs\/wp-content\/uploads\/sites\/3\/2025\/05\/491467907_18130506202423465_2826604081393173814_n-819x1024.jpg\" alt=\"\u0160kola v p\u0159\u00edrod\u011b\" class=\"wp-image-750\" srcset=\"https:\/\/www.montessoriostrava.cz\/zs\/wp-content\/uploads\/sites\/3\/2025\/05\/491467907_18130506202423465_2826604081393173814_n-819x1024.jpg 819w, https:\/\/www.montessoriostrava.cz\/zs\/wp-content\/uploads\/sites\/3\/2025\/05\/491467907_18130506202423465_2826604081393173814_n-240x300.jpg 240w, https:\/\/www.montessoriostrava.cz\/zs\/wp-content\/uploads\/sites\/3\/2025\/05\/491467907_18130506202423465_2826604081393173814_n-768x960.jpg 768w, https:\/\/www.montessoriostrava.cz\/zs\/wp-content\/uploads\/sites\/3\/2025\/05\/491467907_18130506202423465_2826604081393173814_n-1229x1536.jpg 1229w, https:\/\/www.montessoriostrava.cz\/zs\/wp-content\/uploads\/sites\/3\/2025\/05\/491467907_18130506202423465_2826604081393173814_n.jpg 1440w\" sizes=\"auto, (max-width: 819px) 100vw, 819px\" \/><\/figure>\n\n\n\n<figure class=\"wp-block-image size-large\"><img loading=\"lazy\" decoding=\"async\" width=\"820\" height=\"1024\" data-id=\"749\" src=\"https:\/\/www.montessoriostrava.cz\/zs\/wp-content\/uploads\/sites\/3\/2025\/05\/494590659_18130506214423465_3938127651727842857_n-820x1024.jpg\" alt=\"\u0160kola v p\u0159\u00edrod\u011b\" class=\"wp-image-749\" srcset=\"https:\/\/www.montessoriostrava.cz\/zs\/wp-content\/uploads\/sites\/3\/2025\/05\/494590659_18130506214423465_3938127651727842857_n-820x1024.jpg 820w, https:\/\/www.montessoriostrava.cz\/zs\/wp-content\/uploads\/sites\/3\/2025\/05\/494590659_18130506214423465_3938127651727842857_n-240x300.jpg 240w, https:\/\/www.montessoriostrava.cz\/zs\/wp-content\/uploads\/sites\/3\/2025\/05\/494590659_18130506214423465_3938127651727842857_n-768x959.jpg 768w, https:\/\/www.montessoriostrava.cz\/zs\/wp-content\/uploads\/sites\/3\/2025\/05\/494590659_18130506214423465_3938127651727842857_n-1229x1536.jpg 1229w, https:\/\/www.montessoriostrava.cz\/zs\/wp-content\/uploads\/sites\/3\/2025\/05\/494590659_18130506214423465_3938127651727842857_n.jpg 1440w\" sizes=\"auto, (max-width: 820px) 100vw, 820px\" \/><\/figure>\n\n\n\n<figure class=\"wp-block-image size-large\"><img loading=\"lazy\" decoding=\"async\" width=\"820\" height=\"1024\" data-id=\"748\" src=\"https:\/\/www.montessoriostrava.cz\/zs\/wp-content\/uploads\/sites\/3\/2025\/05\/494618795_18130506226423465_1613574273471868400_n-820x1024.jpg\" alt=\"\u0160kola v p\u0159\u00edrod\u011b\" class=\"wp-image-748\" srcset=\"https:\/\/www.montessoriostrava.cz\/zs\/wp-content\/uploads\/sites\/3\/2025\/05\/494618795_18130506226423465_1613574273471868400_n-820x1024.jpg 820w, https:\/\/www.montessoriostrava.cz\/zs\/wp-content\/uploads\/sites\/3\/2025\/05\/494618795_18130506226423465_1613574273471868400_n-240x300.jpg 240w, https:\/\/www.montessoriostrava.cz\/zs\/wp-content\/uploads\/sites\/3\/2025\/05\/494618795_18130506226423465_1613574273471868400_n-768x959.jpg 768w, https:\/\/www.montessoriostrava.cz\/zs\/wp-content\/uploads\/sites\/3\/2025\/05\/494618795_18130506226423465_1613574273471868400_n-1229x1536.jpg 1229w, https:\/\/www.montessoriostrava.cz\/zs\/wp-content\/uploads\/sites\/3\/2025\/05\/494618795_18130506226423465_1613574273471868400_n.jpg 1440w\" sizes=\"auto, (max-width: 820px) 100vw, 820px\" \/><\/figure>\n\n\n\n<figure class=\"wp-block-image size-large\"><img loading=\"lazy\" decoding=\"async\" width=\"820\" height=\"1024\" data-id=\"747\" src=\"https:\/\/www.montessoriostrava.cz\/zs\/wp-content\/uploads\/sites\/3\/2025\/05\/494795421_18130506238423465_113026739948032619_n-820x1024.jpg\" alt=\"\u0160kola v p\u0159\u00edrod\u011b\" class=\"wp-image-747\" srcset=\"https:\/\/www.montessoriostrava.cz\/zs\/wp-content\/uploads\/sites\/3\/2025\/05\/494795421_18130506238423465_113026739948032619_n-820x1024.jpg 820w, https:\/\/www.montessoriostrava.cz\/zs\/wp-content\/uploads\/sites\/3\/2025\/05\/494795421_18130506238423465_113026739948032619_n-240x300.jpg 240w, https:\/\/www.montessoriostrava.cz\/zs\/wp-content\/uploads\/sites\/3\/2025\/05\/494795421_18130506238423465_113026739948032619_n-768x959.jpg 768w, https:\/\/www.montessoriostrava.cz\/zs\/wp-content\/uploads\/sites\/3\/2025\/05\/494795421_18130506238423465_113026739948032619_n-1229x1536.jpg 1229w, https:\/\/www.montessoriostrava.cz\/zs\/wp-content\/uploads\/sites\/3\/2025\/05\/494795421_18130506238423465_113026739948032619_n.jpg 1440w\" sizes=\"auto, (max-width: 820px) 100vw, 820px\" \/><\/figure>\n\n\n\n<figure class=\"wp-block-image size-large\"><img loading=\"lazy\" decoding=\"async\" width=\"820\" height=\"1024\" data-id=\"746\" src=\"https:\/\/www.montessoriostrava.cz\/zs\/wp-content\/uploads\/sites\/3\/2025\/05\/491465312_18130506250423465_8768356484175666879_n-820x1024.jpg\" alt=\"\u0160kola v p\u0159\u00edrod\u011b\" class=\"wp-image-746\" srcset=\"https:\/\/www.montessoriostrava.cz\/zs\/wp-content\/uploads\/sites\/3\/2025\/05\/491465312_18130506250423465_8768356484175666879_n-820x1024.jpg 820w, https:\/\/www.montessoriostrava.cz\/zs\/wp-content\/uploads\/sites\/3\/2025\/05\/491465312_18130506250423465_8768356484175666879_n-240x300.jpg 240w, https:\/\/www.montessoriostrava.cz\/zs\/wp-content\/uploads\/sites\/3\/2025\/05\/491465312_18130506250423465_8768356484175666879_n-768x959.jpg 768w, https:\/\/www.montessoriostrava.cz\/zs\/wp-content\/uploads\/sites\/3\/2025\/05\/491465312_18130506250423465_8768356484175666879_n-1229x1536.jpg 1229w, https:\/\/www.montessoriostrava.cz\/zs\/wp-content\/uploads\/sites\/3\/2025\/05\/491465312_18130506250423465_8768356484175666879_n.jpg 1440w\" sizes=\"auto, (max-width: 820px) 100vw, 820px\" \/><\/figure>\n\n\n\n<figure class=\"wp-block-image size-large\"><img loading=\"lazy\" decoding=\"async\" width=\"819\" height=\"1024\" data-id=\"745\" src=\"https:\/\/www.montessoriostrava.cz\/zs\/wp-content\/uploads\/sites\/3\/2025\/05\/494734893_18130506271423465_6317418762844891673_n-819x1024.jpg\" alt=\"\u0160kola v p\u0159\u00edrod\u011b\" class=\"wp-image-745\" srcset=\"https:\/\/www.montessoriostrava.cz\/zs\/wp-content\/uploads\/sites\/3\/2025\/05\/494734893_18130506271423465_6317418762844891673_n-819x1024.jpg 819w, https:\/\/www.montessoriostrava.cz\/zs\/wp-content\/uploads\/sites\/3\/2025\/05\/494734893_18130506271423465_6317418762844891673_n-240x300.jpg 240w, https:\/\/www.montessoriostrava.cz\/zs\/wp-content\/uploads\/sites\/3\/2025\/05\/494734893_18130506271423465_6317418762844891673_n-768x960.jpg 768w, https:\/\/www.montessoriostrava.cz\/zs\/wp-content\/uploads\/sites\/3\/2025\/05\/494734893_18130506271423465_6317418762844891673_n-1229x1536.jpg 1229w, https:\/\/www.montessoriostrava.cz\/zs\/wp-content\/uploads\/sites\/3\/2025\/05\/494734893_18130506271423465_6317418762844891673_n.jpg 1440w\" sizes=\"auto, (max-width: 819px) 100vw, 819px\" \/><\/figure>\n<\/figure>\n\n\n\n<p>Minul\u00fd t\u00fdden za\u017eili \u017e\u00e1ci v\u00fdjime\u010dn\u00fd t\u00fdden \u2013 absolvovali \u0161kolu v p\u0159\u00edrod\u011b! <img loading=\"lazy\" decoding=\"async\" height=\"16\" width=\"16\" alt=\"\ud83c\udf32\" src=\"https:\/\/static.xx.fbcdn.net\/images\/emoji.php\/v9\/tea\/1\/16\/1f332.png\"><img loading=\"lazy\" decoding=\"async\" height=\"16\" width=\"16\" alt=\"\ud83c\udf33\" src=\"https:\/\/static.xx.fbcdn.net\/images\/emoji.php\/v9\/t6b\/1\/16\/1f333.png\"> \u010cekaly je dny pln\u00e9 dobrodru\u017estv\u00ed, objevov\u00e1n\u00ed a spole\u010dn\u00fdch z\u00e1\u017eitk\u016f. Hned prvn\u00ed den jsme se vy<a><\/a>dali na horsk\u00fd v\u00fd\u0161lap <img loading=\"lazy\" decoding=\"async\" height=\"16\" width=\"16\" alt=\"\u26f0\ufe0f\" src=\"https:\/\/static.xx.fbcdn.net\/images\/emoji.php\/v9\/tf7\/1\/16\/26f0.png\"> s c\u00edlem chaty Ropi\u010dka, kde d\u011bti p\u0159ekonaly nejen p\u0159ev\u00fd\u0161en\u00ed, ale i samy sebe \u2013 a odm\u011bnou jim byl v\u00fdhled, kter\u00fd st\u00e1l za to a kousek pizzy. <img loading=\"lazy\" decoding=\"async\" height=\"16\" width=\"16\" alt=\"\ud83c\udf55\" src=\"https:\/\/static.xx.fbcdn.net\/images\/emoji.php\/v9\/tab\/1\/16\/1f355.png\"><\/p>\n\n\n\n<p>Ka\u017ed\u00fd den jsme prokl\u00e1dali v\u00fdukou \u2013 ale jinak, ne\u017e jsou zvykl\u00ed ze \u0161koln\u00ed t\u0159\u00eddy. T\u00e9m\u011b\u0159 ve\u0161ker\u00e1 v\u00fduka prob\u00edhala venku, a tak \u017e\u00e1ci procvi\u010dovali nejen kosmiku, ale i \u010desk\u00fd jazyk, matematiku a angli\u010dtinu venku p\u0159i spole\u010dn\u00fdch \u00faloh\u00e1ch a aktivit\u00e1ch. <img loading=\"lazy\" decoding=\"async\" height=\"16\" width=\"16\" alt=\"\u2600\ufe0f\" src=\"https:\/\/static.xx.fbcdn.net\/images\/emoji.php\/v9\/t6d\/1\/16\/2600.png\"><img loading=\"lazy\" decoding=\"async\" height=\"16\" width=\"16\" alt=\"\ud83d\udcda\" src=\"https:\/\/static.xx.fbcdn.net\/images\/emoji.php\/v9\/t49\/1\/16\/1f4da.png\"><\/p>\n\n\n\n<p>Velkou sou\u010d\u00e1st\u00ed programu byly tak\u00e9 hry na budov\u00e1n\u00ed t\u00fdmu, spolupr\u00e1ci a d\u016fv\u011bru \u2013 a bylo kr\u00e1sn\u00e9 sledovat, jak si d\u011bti navz\u00e1jem pom\u00e1haj\u00ed, povzbuzuj\u00ed se, raduj\u00ed se a postupn\u011b se v t\u011bchto oblastech zlep\u0161uj\u00ed. <img loading=\"lazy\" decoding=\"async\" height=\"16\" width=\"16\" alt=\"\u263a\ufe0f\" src=\"https:\/\/static.xx.fbcdn.net\/images\/emoji.php\/v9\/tfb\/1\/16\/263a.png\"><\/p>\n\n\n\n<p>\u0160kola v p\u0159\u00edrod\u011b p\u0159inesla nejen nov\u00e9 znalosti a zku\u0161enosti, ale hlavn\u011b spoustu radosti, sm\u00edchu a p\u0159\u00e1telstv\u00ed. <img loading=\"lazy\" decoding=\"async\" height=\"16\" width=\"16\" alt=\"\ud83d\udc9b\" src=\"https:\/\/static.xx.fbcdn.net\/images\/emoji.php\/v9\/t15\/1\/16\/1f49b.png\"><\/p>\n\n\n\n<p><\/p>\n","protected":false},"excerpt":{"rendered":"<p>Minul\u00fd t\u00fdden za\u017eili \u017e\u00e1ci v\u00fdjime\u010dn\u00fd t\u00fdden \u2013 absolvovali \u0161kolu v p\u0159\u00edrod\u011b! \u010cekaly je dny pln\u00e9 dobrodru\u017estv\u00ed, objevov\u00e1n\u00ed a spole\u010dn\u00fdch z\u00e1\u017eitk\u016f. Hned prvn\u00ed den jsme se vydali na horsk\u00fd v\u00fd\u0161lap s c\u00edlem chaty Ropi\u010dka, kde d\u011bti p\u0159ekonaly nejen p\u0159ev\u00fd\u0161en\u00ed, ale i samy sebe \u2013 a odm\u011bnou jim byl v\u00fdhled, kter\u00fd st\u00e1l za to a kousek pizzy. [&hellip;]<\/p>\n","protected":false},"author":5,"featured_media":752,"comment_status":"closed","ping_status":"closed","sticky":false,"template":"","format":"standard","meta":{"footnotes":""},"categories":[1],"tags":[],"class_list":["post-744","post","type-post","status-publish","format-standard","has-post-thumbnail","hentry","category-nezarazene"],"acf":[],"yoast_head":"<!-- This site is optimized with the Yoast SEO plugin v27.5 - https:\/\/yoast.com\/product\/yoast-seo-wordpress\/ -->\n<title>\u0160kola v p\u0159\u00edrod\u011b | Z\u0160 Montessori Ostrava<\/title>\n<meta name=\"description\" content=\"Aktu\u00e1ln\u011b z na\u0161\u00ed z\u00e1kladn\u00ed \u0161koly Montessori Ostrava. P\u0159e\u010dt\u011bte si nap\u0159 o \u0160kola v p\u0159\u00edrod\u011b a nav\u0161tivte n\u00e1\u0161 web.\" \/>\n<meta name=\"robots\" content=\"index, follow, max-snippet:-1, max-image-preview:large, max-video-preview:-1\" \/>\n<link rel=\"canonical\" href=\"https:\/\/www.montessoriostrava.cz\/zs\/mezinarodni-den-cisla-\u03c0-v-1-trojroci-2\/\" \/>\n<meta property=\"og:locale\" content=\"cs_CZ\" \/>\n<meta property=\"og:type\" content=\"article\" \/>\n<meta property=\"og:title\" content=\"\u0160kola v p\u0159\u00edrod\u011b | Z\u0160 Montessori Ostrava\" \/>\n<meta property=\"og:description\" content=\"Aktu\u00e1ln\u011b z na\u0161\u00ed z\u00e1kladn\u00ed \u0161koly Montessori Ostrava. P\u0159e\u010dt\u011bte si nap\u0159 o \u0160kola v p\u0159\u00edrod\u011b a nav\u0161tivte n\u00e1\u0161 web.\" \/>\n<meta property=\"og:url\" content=\"https:\/\/www.montessoriostrava.cz\/zs\/mezinarodni-den-cisla-\u03c0-v-1-trojroci-2\/\" \/>\n<meta property=\"og:site_name\" content=\"Z\u0160 Montessori Ostrava\" \/>\n<meta property=\"article:published_time\" content=\"2025-04-30T13:00:00+00:00\" \/>\n<meta property=\"article:modified_time\" content=\"2025-05-04T13:03:38+00:00\" \/>\n<meta property=\"og:image\" content=\"https:\/\/www.montessoriostrava.cz\/zs\/wp-content\/uploads\/sites\/3\/2025\/05\/494916604_18130506163423465_1536724666465536839_n.jpg\" \/>\n\t<meta property=\"og:image:width\" content=\"1440\" \/>\n\t<meta property=\"og:image:height\" content=\"1799\" \/>\n\t<meta property=\"og:image:type\" content=\"image\/jpeg\" \/>\n<meta name=\"author\" content=\"michalhradecny\" \/>\n<meta name=\"twitter:card\" content=\"summary_large_image\" \/>\n<meta name=\"twitter:label1\" content=\"Napsal(a)\" \/>\n\t<meta name=\"twitter:data1\" content=\"michalhradecny\" \/>\n\t<meta name=\"twitter:label2\" content=\"Odhadovan\u00e1 doba \u010dten\u00ed\" \/>\n\t<meta name=\"twitter:data2\" content=\"5 minut\" \/>\n<script type=\"application\/ld+json\" class=\"yoast-schema-graph\">{\"@context\":\"https:\\\/\\\/schema.org\",\"@graph\":[{\"@type\":\"Article\",\"@id\":\"https:\\\/\\\/www.montessoriostrava.cz\\\/zs\\\/mezinarodni-den-cisla-%cf%80-v-1-trojroci-2\\\/#article\",\"isPartOf\":{\"@id\":\"https:\\\/\\\/www.montessoriostrava.cz\\\/zs\\\/mezinarodni-den-cisla-%cf%80-v-1-trojroci-2\\\/\"},\"author\":{\"name\":\"michalhradecny\",\"@id\":\"https:\\\/\\\/www.montessoriostrava.cz\\\/zs\\\/#\\\/schema\\\/person\\\/538105acd1b15103df59ad86960acb35\"},\"headline\":\"\u0160kola v p\u0159\u00edrod\u011b\",\"datePublished\":\"2025-04-30T13:00:00+00:00\",\"dateModified\":\"2025-05-04T13:03:38+00:00\",\"mainEntityOfPage\":{\"@id\":\"https:\\\/\\\/www.montessoriostrava.cz\\\/zs\\\/mezinarodni-den-cisla-%cf%80-v-1-trojroci-2\\\/\"},\"wordCount\":196,\"publisher\":{\"@id\":\"https:\\\/\\\/www.montessoriostrava.cz\\\/zs\\\/#organization\"},\"image\":{\"@id\":\"https:\\\/\\\/www.montessoriostrava.cz\\\/zs\\\/mezinarodni-den-cisla-%cf%80-v-1-trojroci-2\\\/#primaryimage\"},\"thumbnailUrl\":\"https:\\\/\\\/www.montessoriostrava.cz\\\/zs\\\/wp-content\\\/uploads\\\/sites\\\/3\\\/2025\\\/05\\\/494916604_18130506163423465_1536724666465536839_n.jpg\",\"inLanguage\":\"cs\"},{\"@type\":\"WebPage\",\"@id\":\"https:\\\/\\\/www.montessoriostrava.cz\\\/zs\\\/mezinarodni-den-cisla-%cf%80-v-1-trojroci-2\\\/\",\"url\":\"https:\\\/\\\/www.montessoriostrava.cz\\\/zs\\\/mezinarodni-den-cisla-%cf%80-v-1-trojroci-2\\\/\",\"name\":\"\u0160kola v p\u0159\u00edrod\u011b | Z\u0160 Montessori Ostrava\",\"isPartOf\":{\"@id\":\"https:\\\/\\\/www.montessoriostrava.cz\\\/zs\\\/#website\"},\"primaryImageOfPage\":{\"@id\":\"https:\\\/\\\/www.montessoriostrava.cz\\\/zs\\\/mezinarodni-den-cisla-%cf%80-v-1-trojroci-2\\\/#primaryimage\"},\"image\":{\"@id\":\"https:\\\/\\\/www.montessoriostrava.cz\\\/zs\\\/mezinarodni-den-cisla-%cf%80-v-1-trojroci-2\\\/#primaryimage\"},\"thumbnailUrl\":\"https:\\\/\\\/www.montessoriostrava.cz\\\/zs\\\/wp-content\\\/uploads\\\/sites\\\/3\\\/2025\\\/05\\\/494916604_18130506163423465_1536724666465536839_n.jpg\",\"datePublished\":\"2025-04-30T13:00:00+00:00\",\"dateModified\":\"2025-05-04T13:03:38+00:00\",\"description\":\"Aktu\u00e1ln\u011b z na\u0161\u00ed z\u00e1kladn\u00ed \u0161koly Montessori Ostrava. P\u0159e\u010dt\u011bte si nap\u0159 o \u0160kola v p\u0159\u00edrod\u011b a nav\u0161tivte n\u00e1\u0161 web.\",\"breadcrumb\":{\"@id\":\"https:\\\/\\\/www.montessoriostrava.cz\\\/zs\\\/mezinarodni-den-cisla-%cf%80-v-1-trojroci-2\\\/#breadcrumb\"},\"inLanguage\":\"cs\",\"potentialAction\":[{\"@type\":\"ReadAction\",\"target\":[\"https:\\\/\\\/www.montessoriostrava.cz\\\/zs\\\/mezinarodni-den-cisla-%cf%80-v-1-trojroci-2\\\/\"]}]},{\"@type\":\"ImageObject\",\"inLanguage\":\"cs\",\"@id\":\"https:\\\/\\\/www.montessoriostrava.cz\\\/zs\\\/mezinarodni-den-cisla-%cf%80-v-1-trojroci-2\\\/#primaryimage\",\"url\":\"https:\\\/\\\/www.montessoriostrava.cz\\\/zs\\\/wp-content\\\/uploads\\\/sites\\\/3\\\/2025\\\/05\\\/494916604_18130506163423465_1536724666465536839_n.jpg\",\"contentUrl\":\"https:\\\/\\\/www.montessoriostrava.cz\\\/zs\\\/wp-content\\\/uploads\\\/sites\\\/3\\\/2025\\\/05\\\/494916604_18130506163423465_1536724666465536839_n.jpg\",\"width\":1440,\"height\":1799},{\"@type\":\"BreadcrumbList\",\"@id\":\"https:\\\/\\\/www.montessoriostrava.cz\\\/zs\\\/mezinarodni-den-cisla-%cf%80-v-1-trojroci-2\\\/#breadcrumb\",\"itemListElement\":[{\"@type\":\"ListItem\",\"position\":1,\"name\":\"Dom\u016f\",\"item\":\"https:\\\/\\\/www.montessoriostrava.cz\\\/zs\\\/\"},{\"@type\":\"ListItem\",\"position\":2,\"name\":\"\u0160kola v p\u0159\u00edrod\u011b\"}]},{\"@type\":\"WebSite\",\"@id\":\"https:\\\/\\\/www.montessoriostrava.cz\\\/zs\\\/#website\",\"url\":\"https:\\\/\\\/www.montessoriostrava.cz\\\/zs\\\/\",\"name\":\"Z\u0160 Montessori Ostrava\",\"description\":\"Z\u00e1kladn\u00ed \u0161kola s respektem!\",\"publisher\":{\"@id\":\"https:\\\/\\\/www.montessoriostrava.cz\\\/zs\\\/#organization\"},\"potentialAction\":[{\"@type\":\"SearchAction\",\"target\":{\"@type\":\"EntryPoint\",\"urlTemplate\":\"https:\\\/\\\/www.montessoriostrava.cz\\\/zs\\\/?s={search_term_string}\"},\"query-input\":{\"@type\":\"PropertyValueSpecification\",\"valueRequired\":true,\"valueName\":\"search_term_string\"}}],\"inLanguage\":\"cs\"},{\"@type\":\"Organization\",\"@id\":\"https:\\\/\\\/www.montessoriostrava.cz\\\/zs\\\/#organization\",\"name\":\"Montessori Ostrava\",\"url\":\"https:\\\/\\\/www.montessoriostrava.cz\\\/zs\\\/\",\"logo\":{\"@type\":\"ImageObject\",\"inLanguage\":\"cs\",\"@id\":\"https:\\\/\\\/www.montessoriostrava.cz\\\/zs\\\/#\\\/schema\\\/logo\\\/image\\\/\",\"url\":\"https:\\\/\\\/www.montessoriostrava.cz\\\/zs\\\/wp-content\\\/uploads\\\/sites\\\/3\\\/2025\\\/01\\\/logo-montessori.png\",\"contentUrl\":\"https:\\\/\\\/www.montessoriostrava.cz\\\/zs\\\/wp-content\\\/uploads\\\/sites\\\/3\\\/2025\\\/01\\\/logo-montessori.png\",\"width\":1794,\"height\":527,\"caption\":\"Montessori Ostrava\"},\"image\":{\"@id\":\"https:\\\/\\\/www.montessoriostrava.cz\\\/zs\\\/#\\\/schema\\\/logo\\\/image\\\/\"}},{\"@type\":\"Person\",\"@id\":\"https:\\\/\\\/www.montessoriostrava.cz\\\/zs\\\/#\\\/schema\\\/person\\\/538105acd1b15103df59ad86960acb35\",\"name\":\"michalhradecny\",\"image\":{\"@type\":\"ImageObject\",\"inLanguage\":\"cs\",\"@id\":\"https:\\\/\\\/secure.gravatar.com\\\/avatar\\\/ea61f19e01a43a31f01c65d9d57a4586bb72176fb9357c7fce253f47a2522945?s=96&d=mm&r=g\",\"url\":\"https:\\\/\\\/secure.gravatar.com\\\/avatar\\\/ea61f19e01a43a31f01c65d9d57a4586bb72176fb9357c7fce253f47a2522945?s=96&d=mm&r=g\",\"contentUrl\":\"https:\\\/\\\/secure.gravatar.com\\\/avatar\\\/ea61f19e01a43a31f01c65d9d57a4586bb72176fb9357c7fce253f47a2522945?s=96&d=mm&r=g\",\"caption\":\"michalhradecny\"}}]}<\/script>\n<!-- \/ Yoast SEO plugin. -->","yoast_head_json":{"title":"\u0160kola v p\u0159\u00edrod\u011b | Z\u0160 Montessori Ostrava","description":"Aktu\u00e1ln\u011b z na\u0161\u00ed z\u00e1kladn\u00ed \u0161koly Montessori Ostrava. P\u0159e\u010dt\u011bte si nap\u0159 o \u0160kola v p\u0159\u00edrod\u011b a nav\u0161tivte n\u00e1\u0161 web.","robots":{"index":"index","follow":"follow","max-snippet":"max-snippet:-1","max-image-preview":"max-image-preview:large","max-video-preview":"max-video-preview:-1"},"canonical":"https:\/\/www.montessoriostrava.cz\/zs\/mezinarodni-den-cisla-\u03c0-v-1-trojroci-2\/","og_locale":"cs_CZ","og_type":"article","og_title":"\u0160kola v p\u0159\u00edrod\u011b | Z\u0160 Montessori Ostrava","og_description":"Aktu\u00e1ln\u011b z na\u0161\u00ed z\u00e1kladn\u00ed \u0161koly Montessori Ostrava. P\u0159e\u010dt\u011bte si nap\u0159 o \u0160kola v p\u0159\u00edrod\u011b a nav\u0161tivte n\u00e1\u0161 web.","og_url":"https:\/\/www.montessoriostrava.cz\/zs\/mezinarodni-den-cisla-\u03c0-v-1-trojroci-2\/","og_site_name":"Z\u0160 Montessori Ostrava","article_published_time":"2025-04-30T13:00:00+00:00","article_modified_time":"2025-05-04T13:03:38+00:00","og_image":[{"width":1440,"height":1799,"url":"https:\/\/www.montessoriostrava.cz\/zs\/wp-content\/uploads\/sites\/3\/2025\/05\/494916604_18130506163423465_1536724666465536839_n.jpg","type":"image\/jpeg"}],"author":"michalhradecny","twitter_card":"summary_large_image","twitter_misc":{"Napsal(a)":"michalhradecny","Odhadovan\u00e1 doba \u010dten\u00ed":"5 minut"},"schema":{"@context":"https:\/\/schema.org","@graph":[{"@type":"Article","@id":"https:\/\/www.montessoriostrava.cz\/zs\/mezinarodni-den-cisla-%cf%80-v-1-trojroci-2\/#article","isPartOf":{"@id":"https:\/\/www.montessoriostrava.cz\/zs\/mezinarodni-den-cisla-%cf%80-v-1-trojroci-2\/"},"author":{"name":"michalhradecny","@id":"https:\/\/www.montessoriostrava.cz\/zs\/#\/schema\/person\/538105acd1b15103df59ad86960acb35"},"headline":"\u0160kola v p\u0159\u00edrod\u011b","datePublished":"2025-04-30T13:00:00+00:00","dateModified":"2025-05-04T13:03:38+00:00","mainEntityOfPage":{"@id":"https:\/\/www.montessoriostrava.cz\/zs\/mezinarodni-den-cisla-%cf%80-v-1-trojroci-2\/"},"wordCount":196,"publisher":{"@id":"https:\/\/www.montessoriostrava.cz\/zs\/#organization"},"image":{"@id":"https:\/\/www.montessoriostrava.cz\/zs\/mezinarodni-den-cisla-%cf%80-v-1-trojroci-2\/#primaryimage"},"thumbnailUrl":"https:\/\/www.montessoriostrava.cz\/zs\/wp-content\/uploads\/sites\/3\/2025\/05\/494916604_18130506163423465_1536724666465536839_n.jpg","inLanguage":"cs"},{"@type":"WebPage","@id":"https:\/\/www.montessoriostrava.cz\/zs\/mezinarodni-den-cisla-%cf%80-v-1-trojroci-2\/","url":"https:\/\/www.montessoriostrava.cz\/zs\/mezinarodni-den-cisla-%cf%80-v-1-trojroci-2\/","name":"\u0160kola v p\u0159\u00edrod\u011b | Z\u0160 Montessori Ostrava","isPartOf":{"@id":"https:\/\/www.montessoriostrava.cz\/zs\/#website"},"primaryImageOfPage":{"@id":"https:\/\/www.montessoriostrava.cz\/zs\/mezinarodni-den-cisla-%cf%80-v-1-trojroci-2\/#primaryimage"},"image":{"@id":"https:\/\/www.montessoriostrava.cz\/zs\/mezinarodni-den-cisla-%cf%80-v-1-trojroci-2\/#primaryimage"},"thumbnailUrl":"https:\/\/www.montessoriostrava.cz\/zs\/wp-content\/uploads\/sites\/3\/2025\/05\/494916604_18130506163423465_1536724666465536839_n.jpg","datePublished":"2025-04-30T13:00:00+00:00","dateModified":"2025-05-04T13:03:38+00:00","description":"Aktu\u00e1ln\u011b z na\u0161\u00ed z\u00e1kladn\u00ed \u0161koly Montessori Ostrava. P\u0159e\u010dt\u011bte si nap\u0159 o \u0160kola v p\u0159\u00edrod\u011b a nav\u0161tivte n\u00e1\u0161 web.","breadcrumb":{"@id":"https:\/\/www.montessoriostrava.cz\/zs\/mezinarodni-den-cisla-%cf%80-v-1-trojroci-2\/#breadcrumb"},"inLanguage":"cs","potentialAction":[{"@type":"ReadAction","target":["https:\/\/www.montessoriostrava.cz\/zs\/mezinarodni-den-cisla-%cf%80-v-1-trojroci-2\/"]}]},{"@type":"ImageObject","inLanguage":"cs","@id":"https:\/\/www.montessoriostrava.cz\/zs\/mezinarodni-den-cisla-%cf%80-v-1-trojroci-2\/#primaryimage","url":"https:\/\/www.montessoriostrava.cz\/zs\/wp-content\/uploads\/sites\/3\/2025\/05\/494916604_18130506163423465_1536724666465536839_n.jpg","contentUrl":"https:\/\/www.montessoriostrava.cz\/zs\/wp-content\/uploads\/sites\/3\/2025\/05\/494916604_18130506163423465_1536724666465536839_n.jpg","width":1440,"height":1799},{"@type":"BreadcrumbList","@id":"https:\/\/www.montessoriostrava.cz\/zs\/mezinarodni-den-cisla-%cf%80-v-1-trojroci-2\/#breadcrumb","itemListElement":[{"@type":"ListItem","position":1,"name":"Dom\u016f","item":"https:\/\/www.montessoriostrava.cz\/zs\/"},{"@type":"ListItem","position":2,"name":"\u0160kola v p\u0159\u00edrod\u011b"}]},{"@type":"WebSite","@id":"https:\/\/www.montessoriostrava.cz\/zs\/#website","url":"https:\/\/www.montessoriostrava.cz\/zs\/","name":"Z\u0160 Montessori Ostrava","description":"Z\u00e1kladn\u00ed \u0161kola s respektem!","publisher":{"@id":"https:\/\/www.montessoriostrava.cz\/zs\/#organization"},"potentialAction":[{"@type":"SearchAction","target":{"@type":"EntryPoint","urlTemplate":"https:\/\/www.montessoriostrava.cz\/zs\/?s={search_term_string}"},"query-input":{"@type":"PropertyValueSpecification","valueRequired":true,"valueName":"search_term_string"}}],"inLanguage":"cs"},{"@type":"Organization","@id":"https:\/\/www.montessoriostrava.cz\/zs\/#organization","name":"Montessori Ostrava","url":"https:\/\/www.montessoriostrava.cz\/zs\/","logo":{"@type":"ImageObject","inLanguage":"cs","@id":"https:\/\/www.montessoriostrava.cz\/zs\/#\/schema\/logo\/image\/","url":"https:\/\/www.montessoriostrava.cz\/zs\/wp-content\/uploads\/sites\/3\/2025\/01\/logo-montessori.png","contentUrl":"https:\/\/www.montessoriostrava.cz\/zs\/wp-content\/uploads\/sites\/3\/2025\/01\/logo-montessori.png","width":1794,"height":527,"caption":"Montessori Ostrava"},"image":{"@id":"https:\/\/www.montessoriostrava.cz\/zs\/#\/schema\/logo\/image\/"}},{"@type":"Person","@id":"https:\/\/www.montessoriostrava.cz\/zs\/#\/schema\/person\/538105acd1b15103df59ad86960acb35","name":"michalhradecny","image":{"@type":"ImageObject","inLanguage":"cs","@id":"https:\/\/secure.gravatar.com\/avatar\/ea61f19e01a43a31f01c65d9d57a4586bb72176fb9357c7fce253f47a2522945?s=96&d=mm&r=g","url":"https:\/\/secure.gravatar.com\/avatar\/ea61f19e01a43a31f01c65d9d57a4586bb72176fb9357c7fce253f47a2522945?s=96&d=mm&r=g","contentUrl":"https:\/\/secure.gravatar.com\/avatar\/ea61f19e01a43a31f01c65d9d57a4586bb72176fb9357c7fce253f47a2522945?s=96&d=mm&r=g","caption":"michalhradecny"}}]}},"_links":{"self":[{"href":"https:\/\/www.montessoriostrava.cz\/zs\/wp-json\/wp\/v2\/posts\/744","targetHints":{"allow":["GET"]}}],"collection":[{"href":"https:\/\/www.montessoriostrava.cz\/zs\/wp-json\/wp\/v2\/posts"}],"about":[{"href":"https:\/\/www.montessoriostrava.cz\/zs\/wp-json\/wp\/v2\/types\/post"}],"author":[{"embeddable":true,"href":"https:\/\/www.montessoriostrava.cz\/zs\/wp-json\/wp\/v2\/users\/5"}],"replies":[{"embeddable":true,"href":"https:\/\/www.montessoriostrava.cz\/zs\/wp-json\/wp\/v2\/comments?post=744"}],"version-history":[{"count":1,"href":"https:\/\/www.montessoriostrava.cz\/zs\/wp-json\/wp\/v2\/posts\/744\/revisions"}],"predecessor-version":[{"id":757,"href":"https:\/\/www.montessoriostrava.cz\/zs\/wp-json\/wp\/v2\/posts\/744\/revisions\/757"}],"wp:featuredmedia":[{"embeddable":true,"href":"https:\/\/www.montessoriostrava.cz\/zs\/wp-json\/wp\/v2\/media\/752"}],"wp:attachment":[{"href":"https:\/\/www.montessoriostrava.cz\/zs\/wp-json\/wp\/v2\/media?parent=744"}],"wp:term":[{"taxonomy":"category","embeddable":true,"href":"https:\/\/www.montessoriostrava.cz\/zs\/wp-json\/wp\/v2\/categories?post=744"},{"taxonomy":"post_tag","embeddable":true,"href":"https:\/\/www.montessoriostrava.cz\/zs\/wp-json\/wp\/v2\/tags?post=744"}],"curies":[{"name":"wp","href":"https:\/\/api.w.org\/{rel}","templated":true}]}}