{"id":801,"date":"2025-06-30T10:15:00","date_gmt":"2025-06-30T08:15:00","guid":{"rendered":"https:\/\/www.montessoriostrava.cz\/zs\/?p=801"},"modified":"2025-07-07T10:18:19","modified_gmt":"2025-07-07T08:18:19","slug":"mezinarodni-den-cisla-%cf%80-v-1-trojroci-2-2","status":"publish","type":"post","link":"https:\/\/www.montessoriostrava.cz\/zs\/mezinarodni-den-cisla-%cf%80-v-1-trojroci-2-2\/","title":{"rendered":"Konec \u0161koly, hur\u00e1 na pr\u00e1zdniny!"},"content":{"rendered":"\n<figure class=\"wp-block-gallery has-nested-images columns-default is-cropped wp-block-gallery-1 is-layout-flex wp-block-gallery-is-layout-flex\">\n<figure class=\"wp-block-image size-full\"><img loading=\"lazy\" decoding=\"async\" width=\"936\" height=\"808\" data-id=\"802\" src=\"https:\/\/www.montessoriostrava.cz\/zs\/wp-content\/uploads\/sites\/3\/2025\/07\/514183866_1289479546518526_8629257345875393434_n.jpg\" alt=\"Konec \u0161koly, hur\u00e1 na pr\u00e1zdniny!\" class=\"wp-image-802\" srcset=\"https:\/\/www.montessoriostrava.cz\/zs\/wp-content\/uploads\/sites\/3\/2025\/07\/514183866_1289479546518526_8629257345875393434_n.jpg 936w, https:\/\/www.montessoriostrava.cz\/zs\/wp-content\/uploads\/sites\/3\/2025\/07\/514183866_1289479546518526_8629257345875393434_n-300x259.jpg 300w, https:\/\/www.montessoriostrava.cz\/zs\/wp-content\/uploads\/sites\/3\/2025\/07\/514183866_1289479546518526_8629257345875393434_n-768x663.jpg 768w\" sizes=\"auto, (max-width: 936px) 100vw, 936px\" \/><\/figure>\n\n\n\n<figure class=\"wp-block-image size-large\"><img loading=\"lazy\" decoding=\"async\" width=\"1024\" height=\"884\" data-id=\"803\" src=\"https:\/\/www.montessoriostrava.cz\/zs\/wp-content\/uploads\/sites\/3\/2025\/07\/514970597_1289479569851857_3286371412368618838_n-1024x884.jpg\" alt=\"Konec \u0161koly, hur\u00e1 na pr\u00e1zdniny!\" class=\"wp-image-803\" srcset=\"https:\/\/www.montessoriostrava.cz\/zs\/wp-content\/uploads\/sites\/3\/2025\/07\/514970597_1289479569851857_3286371412368618838_n-1024x884.jpg 1024w, https:\/\/www.montessoriostrava.cz\/zs\/wp-content\/uploads\/sites\/3\/2025\/07\/514970597_1289479569851857_3286371412368618838_n-300x259.jpg 300w, https:\/\/www.montessoriostrava.cz\/zs\/wp-content\/uploads\/sites\/3\/2025\/07\/514970597_1289479569851857_3286371412368618838_n-768x663.jpg 768w, https:\/\/www.montessoriostrava.cz\/zs\/wp-content\/uploads\/sites\/3\/2025\/07\/514970597_1289479569851857_3286371412368618838_n.jpg 1247w\" sizes=\"auto, (max-width: 1024px) 100vw, 1024px\" \/><\/figure>\n<\/figure>\n\n\n\n<p><img loading=\"lazy\" decoding=\"async\" height=\"16\" width=\"16\" alt=\"\u2705\" src=\"https:\/\/static.xx.fbcdn.net\/images\/emoji.php\/v9\/t33\/1\/16\/2705.png\"> D\u011bkujeme za tento \u0161koln\u00ed rok<\/p>\n\n\n\n<p><a><\/a>D\u011bkujeme rodi\u010d\u016fm za d\u016fv\u011bru a spolupr\u00e1ci v uplynul\u00e9m \u0161koln\u00edm roce. Od z\u00e1\u0159\u00ed budeme m\u00edt v\u0161ech 9 ro\u010dn\u00edk\u016f z\u00e1kladn\u00ed \u0161koly a na\u0161e dev\u00e1\u0165\u00e1ky \u010dek\u00e1 p\u0159\u00edprava na prvn\u00ed p\u0159ij\u00edmac\u00ed zkou\u0161ky.<\/p>\n\n\n\n<p>Nav\u00edc otev\u00edr\u00e1me i prvn\u00ed ro\u010dn\u00edk st\u0159edn\u00ed \u0161koly Montessori lyceum.<\/p>\n\n\n\n<p>U\u017eijte si klidn\u00e9 l\u00e9to. Pokra\u010dujeme tam, kde jsme dnes skon\u010dili.<img loading=\"lazy\" decoding=\"async\" height=\"16\" width=\"16\" src=\"https:\/\/static.xx.fbcdn.net\/images\/emoji.php\/v9\/t15\/1\/16\/1f49b.png\" alt=\"\ud83d\udc9b\"><\/p>\n\n\n\n<p><\/p>\n","protected":false},"excerpt":{"rendered":"<p>D\u011bkujeme za tento \u0161koln\u00ed rok D\u011bkujeme rodi\u010d\u016fm za d\u016fv\u011bru a spolupr\u00e1ci v uplynul\u00e9m \u0161koln\u00edm roce. Od z\u00e1\u0159\u00ed budeme m\u00edt v\u0161ech 9 ro\u010dn\u00edk\u016f z\u00e1kladn\u00ed \u0161koly a na\u0161e dev\u00e1\u0165\u00e1ky \u010dek\u00e1 p\u0159\u00edprava na prvn\u00ed p\u0159ij\u00edmac\u00ed zkou\u0161ky. Nav\u00edc otev\u00edr\u00e1me i prvn\u00ed ro\u010dn\u00edk st\u0159edn\u00ed \u0161koly Montessori lyceum. U\u017eijte si klidn\u00e9 l\u00e9to. Pokra\u010dujeme tam, kde jsme dnes skon\u010dili.<\/p>\n","protected":false},"author":5,"featured_media":803,"comment_status":"closed","ping_status":"closed","sticky":false,"template":"","format":"standard","meta":{"footnotes":""},"categories":[1],"tags":[],"class_list":["post-801","post","type-post","status-publish","format-standard","has-post-thumbnail","hentry","category-nezarazene"],"acf":[],"yoast_head":"<!-- This site is optimized with the Yoast SEO plugin v27.5 - https:\/\/yoast.com\/product\/yoast-seo-wordpress\/ -->\n<title>Konec \u0161koly, hur\u00e1 na pr\u00e1zdniny! | Z\u0160 Montessori Ostrava<\/title>\n<meta name=\"description\" content=\"Aktu\u00e1ln\u011b z na\u0161\u00ed z\u00e1kladn\u00ed \u0161koly Montessori Ostrava. P\u0159e\u010dt\u011bte si nap\u0159 o Konec \u0161koly, hur\u00e1 na pr\u00e1zdniny! a nav\u0161tivte n\u00e1\u0161 web.\" \/>\n<meta name=\"robots\" content=\"index, follow, max-snippet:-1, max-image-preview:large, max-video-preview:-1\" \/>\n<link rel=\"canonical\" href=\"https:\/\/www.montessoriostrava.cz\/zs\/mezinarodni-den-cisla-\u03c0-v-1-trojroci-2-2\/\" \/>\n<meta property=\"og:locale\" content=\"cs_CZ\" \/>\n<meta property=\"og:type\" content=\"article\" \/>\n<meta property=\"og:title\" content=\"Konec \u0161koly, hur\u00e1 na pr\u00e1zdniny! | Z\u0160 Montessori Ostrava\" \/>\n<meta property=\"og:description\" content=\"Aktu\u00e1ln\u011b z na\u0161\u00ed z\u00e1kladn\u00ed \u0161koly Montessori Ostrava. P\u0159e\u010dt\u011bte si nap\u0159 o Konec \u0161koly, hur\u00e1 na pr\u00e1zdniny! a nav\u0161tivte n\u00e1\u0161 web.\" \/>\n<meta property=\"og:url\" content=\"https:\/\/www.montessoriostrava.cz\/zs\/mezinarodni-den-cisla-\u03c0-v-1-trojroci-2-2\/\" \/>\n<meta property=\"og:site_name\" content=\"Z\u0160 Montessori Ostrava\" \/>\n<meta property=\"article:published_time\" content=\"2025-06-30T08:15:00+00:00\" \/>\n<meta property=\"article:modified_time\" content=\"2025-07-07T08:18:19+00:00\" \/>\n<meta property=\"og:image\" content=\"https:\/\/www.montessoriostrava.cz\/zs\/wp-content\/uploads\/sites\/3\/2025\/07\/514970597_1289479569851857_3286371412368618838_n.jpg\" \/>\n\t<meta property=\"og:image:width\" content=\"1247\" \/>\n\t<meta property=\"og:image:height\" content=\"1077\" \/>\n\t<meta property=\"og:image:type\" content=\"image\/jpeg\" \/>\n<meta name=\"author\" content=\"michalhradecny\" \/>\n<meta name=\"twitter:card\" content=\"summary_large_image\" \/>\n<meta name=\"twitter:label1\" content=\"Napsal(a)\" \/>\n\t<meta name=\"twitter:data1\" content=\"michalhradecny\" \/>\n\t<meta name=\"twitter:label2\" content=\"Odhadovan\u00e1 doba \u010dten\u00ed\" \/>\n\t<meta name=\"twitter:data2\" content=\"2 minuty\" \/>\n<script type=\"application\/ld+json\" class=\"yoast-schema-graph\">{\"@context\":\"https:\\\/\\\/schema.org\",\"@graph\":[{\"@type\":\"Article\",\"@id\":\"https:\\\/\\\/www.montessoriostrava.cz\\\/zs\\\/mezinarodni-den-cisla-%cf%80-v-1-trojroci-2-2\\\/#article\",\"isPartOf\":{\"@id\":\"https:\\\/\\\/www.montessoriostrava.cz\\\/zs\\\/mezinarodni-den-cisla-%cf%80-v-1-trojroci-2-2\\\/\"},\"author\":{\"name\":\"michalhradecny\",\"@id\":\"https:\\\/\\\/www.montessoriostrava.cz\\\/zs\\\/#\\\/schema\\\/person\\\/538105acd1b15103df59ad86960acb35\"},\"headline\":\"Konec \u0161koly, hur\u00e1 na pr\u00e1zdniny!\",\"datePublished\":\"2025-06-30T08:15:00+00:00\",\"dateModified\":\"2025-07-07T08:18:19+00:00\",\"mainEntityOfPage\":{\"@id\":\"https:\\\/\\\/www.montessoriostrava.cz\\\/zs\\\/mezinarodni-den-cisla-%cf%80-v-1-trojroci-2-2\\\/\"},\"wordCount\":86,\"publisher\":{\"@id\":\"https:\\\/\\\/www.montessoriostrava.cz\\\/zs\\\/#organization\"},\"image\":{\"@id\":\"https:\\\/\\\/www.montessoriostrava.cz\\\/zs\\\/mezinarodni-den-cisla-%cf%80-v-1-trojroci-2-2\\\/#primaryimage\"},\"thumbnailUrl\":\"https:\\\/\\\/www.montessoriostrava.cz\\\/zs\\\/wp-content\\\/uploads\\\/sites\\\/3\\\/2025\\\/07\\\/514970597_1289479569851857_3286371412368618838_n.jpg\",\"inLanguage\":\"cs\"},{\"@type\":\"WebPage\",\"@id\":\"https:\\\/\\\/www.montessoriostrava.cz\\\/zs\\\/mezinarodni-den-cisla-%cf%80-v-1-trojroci-2-2\\\/\",\"url\":\"https:\\\/\\\/www.montessoriostrava.cz\\\/zs\\\/mezinarodni-den-cisla-%cf%80-v-1-trojroci-2-2\\\/\",\"name\":\"Konec \u0161koly, hur\u00e1 na pr\u00e1zdniny! | Z\u0160 Montessori Ostrava\",\"isPartOf\":{\"@id\":\"https:\\\/\\\/www.montessoriostrava.cz\\\/zs\\\/#website\"},\"primaryImageOfPage\":{\"@id\":\"https:\\\/\\\/www.montessoriostrava.cz\\\/zs\\\/mezinarodni-den-cisla-%cf%80-v-1-trojroci-2-2\\\/#primaryimage\"},\"image\":{\"@id\":\"https:\\\/\\\/www.montessoriostrava.cz\\\/zs\\\/mezinarodni-den-cisla-%cf%80-v-1-trojroci-2-2\\\/#primaryimage\"},\"thumbnailUrl\":\"https:\\\/\\\/www.montessoriostrava.cz\\\/zs\\\/wp-content\\\/uploads\\\/sites\\\/3\\\/2025\\\/07\\\/514970597_1289479569851857_3286371412368618838_n.jpg\",\"datePublished\":\"2025-06-30T08:15:00+00:00\",\"dateModified\":\"2025-07-07T08:18:19+00:00\",\"description\":\"Aktu\u00e1ln\u011b z na\u0161\u00ed z\u00e1kladn\u00ed \u0161koly Montessori Ostrava. P\u0159e\u010dt\u011bte si nap\u0159 o Konec \u0161koly, hur\u00e1 na pr\u00e1zdniny! a nav\u0161tivte n\u00e1\u0161 web.\",\"breadcrumb\":{\"@id\":\"https:\\\/\\\/www.montessoriostrava.cz\\\/zs\\\/mezinarodni-den-cisla-%cf%80-v-1-trojroci-2-2\\\/#breadcrumb\"},\"inLanguage\":\"cs\",\"potentialAction\":[{\"@type\":\"ReadAction\",\"target\":[\"https:\\\/\\\/www.montessoriostrava.cz\\\/zs\\\/mezinarodni-den-cisla-%cf%80-v-1-trojroci-2-2\\\/\"]}]},{\"@type\":\"ImageObject\",\"inLanguage\":\"cs\",\"@id\":\"https:\\\/\\\/www.montessoriostrava.cz\\\/zs\\\/mezinarodni-den-cisla-%cf%80-v-1-trojroci-2-2\\\/#primaryimage\",\"url\":\"https:\\\/\\\/www.montessoriostrava.cz\\\/zs\\\/wp-content\\\/uploads\\\/sites\\\/3\\\/2025\\\/07\\\/514970597_1289479569851857_3286371412368618838_n.jpg\",\"contentUrl\":\"https:\\\/\\\/www.montessoriostrava.cz\\\/zs\\\/wp-content\\\/uploads\\\/sites\\\/3\\\/2025\\\/07\\\/514970597_1289479569851857_3286371412368618838_n.jpg\",\"width\":1247,\"height\":1077},{\"@type\":\"BreadcrumbList\",\"@id\":\"https:\\\/\\\/www.montessoriostrava.cz\\\/zs\\\/mezinarodni-den-cisla-%cf%80-v-1-trojroci-2-2\\\/#breadcrumb\",\"itemListElement\":[{\"@type\":\"ListItem\",\"position\":1,\"name\":\"Dom\u016f\",\"item\":\"https:\\\/\\\/www.montessoriostrava.cz\\\/zs\\\/\"},{\"@type\":\"ListItem\",\"position\":2,\"name\":\"Konec \u0161koly, hur\u00e1 na pr\u00e1zdniny!\"}]},{\"@type\":\"WebSite\",\"@id\":\"https:\\\/\\\/www.montessoriostrava.cz\\\/zs\\\/#website\",\"url\":\"https:\\\/\\\/www.montessoriostrava.cz\\\/zs\\\/\",\"name\":\"Z\u0160 Montessori Ostrava\",\"description\":\"Z\u00e1kladn\u00ed \u0161kola s respektem!\",\"publisher\":{\"@id\":\"https:\\\/\\\/www.montessoriostrava.cz\\\/zs\\\/#organization\"},\"potentialAction\":[{\"@type\":\"SearchAction\",\"target\":{\"@type\":\"EntryPoint\",\"urlTemplate\":\"https:\\\/\\\/www.montessoriostrava.cz\\\/zs\\\/?s={search_term_string}\"},\"query-input\":{\"@type\":\"PropertyValueSpecification\",\"valueRequired\":true,\"valueName\":\"search_term_string\"}}],\"inLanguage\":\"cs\"},{\"@type\":\"Organization\",\"@id\":\"https:\\\/\\\/www.montessoriostrava.cz\\\/zs\\\/#organization\",\"name\":\"Montessori Ostrava\",\"url\":\"https:\\\/\\\/www.montessoriostrava.cz\\\/zs\\\/\",\"logo\":{\"@type\":\"ImageObject\",\"inLanguage\":\"cs\",\"@id\":\"https:\\\/\\\/www.montessoriostrava.cz\\\/zs\\\/#\\\/schema\\\/logo\\\/image\\\/\",\"url\":\"https:\\\/\\\/www.montessoriostrava.cz\\\/zs\\\/wp-content\\\/uploads\\\/sites\\\/3\\\/2025\\\/01\\\/logo-montessori.png\",\"contentUrl\":\"https:\\\/\\\/www.montessoriostrava.cz\\\/zs\\\/wp-content\\\/uploads\\\/sites\\\/3\\\/2025\\\/01\\\/logo-montessori.png\",\"width\":1794,\"height\":527,\"caption\":\"Montessori Ostrava\"},\"image\":{\"@id\":\"https:\\\/\\\/www.montessoriostrava.cz\\\/zs\\\/#\\\/schema\\\/logo\\\/image\\\/\"}},{\"@type\":\"Person\",\"@id\":\"https:\\\/\\\/www.montessoriostrava.cz\\\/zs\\\/#\\\/schema\\\/person\\\/538105acd1b15103df59ad86960acb35\",\"name\":\"michalhradecny\",\"image\":{\"@type\":\"ImageObject\",\"inLanguage\":\"cs\",\"@id\":\"https:\\\/\\\/secure.gravatar.com\\\/avatar\\\/ea61f19e01a43a31f01c65d9d57a4586bb72176fb9357c7fce253f47a2522945?s=96&d=mm&r=g\",\"url\":\"https:\\\/\\\/secure.gravatar.com\\\/avatar\\\/ea61f19e01a43a31f01c65d9d57a4586bb72176fb9357c7fce253f47a2522945?s=96&d=mm&r=g\",\"contentUrl\":\"https:\\\/\\\/secure.gravatar.com\\\/avatar\\\/ea61f19e01a43a31f01c65d9d57a4586bb72176fb9357c7fce253f47a2522945?s=96&d=mm&r=g\",\"caption\":\"michalhradecny\"}}]}<\/script>\n<!-- \/ Yoast SEO plugin. -->","yoast_head_json":{"title":"Konec \u0161koly, hur\u00e1 na pr\u00e1zdniny! | Z\u0160 Montessori Ostrava","description":"Aktu\u00e1ln\u011b z na\u0161\u00ed z\u00e1kladn\u00ed \u0161koly Montessori Ostrava. P\u0159e\u010dt\u011bte si nap\u0159 o Konec \u0161koly, hur\u00e1 na pr\u00e1zdniny! a nav\u0161tivte n\u00e1\u0161 web.","robots":{"index":"index","follow":"follow","max-snippet":"max-snippet:-1","max-image-preview":"max-image-preview:large","max-video-preview":"max-video-preview:-1"},"canonical":"https:\/\/www.montessoriostrava.cz\/zs\/mezinarodni-den-cisla-\u03c0-v-1-trojroci-2-2\/","og_locale":"cs_CZ","og_type":"article","og_title":"Konec \u0161koly, hur\u00e1 na pr\u00e1zdniny! | Z\u0160 Montessori Ostrava","og_description":"Aktu\u00e1ln\u011b z na\u0161\u00ed z\u00e1kladn\u00ed \u0161koly Montessori Ostrava. P\u0159e\u010dt\u011bte si nap\u0159 o Konec \u0161koly, hur\u00e1 na pr\u00e1zdniny! a nav\u0161tivte n\u00e1\u0161 web.","og_url":"https:\/\/www.montessoriostrava.cz\/zs\/mezinarodni-den-cisla-\u03c0-v-1-trojroci-2-2\/","og_site_name":"Z\u0160 Montessori Ostrava","article_published_time":"2025-06-30T08:15:00+00:00","article_modified_time":"2025-07-07T08:18:19+00:00","og_image":[{"width":1247,"height":1077,"url":"https:\/\/www.montessoriostrava.cz\/zs\/wp-content\/uploads\/sites\/3\/2025\/07\/514970597_1289479569851857_3286371412368618838_n.jpg","type":"image\/jpeg"}],"author":"michalhradecny","twitter_card":"summary_large_image","twitter_misc":{"Napsal(a)":"michalhradecny","Odhadovan\u00e1 doba \u010dten\u00ed":"2 minuty"},"schema":{"@context":"https:\/\/schema.org","@graph":[{"@type":"Article","@id":"https:\/\/www.montessoriostrava.cz\/zs\/mezinarodni-den-cisla-%cf%80-v-1-trojroci-2-2\/#article","isPartOf":{"@id":"https:\/\/www.montessoriostrava.cz\/zs\/mezinarodni-den-cisla-%cf%80-v-1-trojroci-2-2\/"},"author":{"name":"michalhradecny","@id":"https:\/\/www.montessoriostrava.cz\/zs\/#\/schema\/person\/538105acd1b15103df59ad86960acb35"},"headline":"Konec \u0161koly, hur\u00e1 na pr\u00e1zdniny!","datePublished":"2025-06-30T08:15:00+00:00","dateModified":"2025-07-07T08:18:19+00:00","mainEntityOfPage":{"@id":"https:\/\/www.montessoriostrava.cz\/zs\/mezinarodni-den-cisla-%cf%80-v-1-trojroci-2-2\/"},"wordCount":86,"publisher":{"@id":"https:\/\/www.montessoriostrava.cz\/zs\/#organization"},"image":{"@id":"https:\/\/www.montessoriostrava.cz\/zs\/mezinarodni-den-cisla-%cf%80-v-1-trojroci-2-2\/#primaryimage"},"thumbnailUrl":"https:\/\/www.montessoriostrava.cz\/zs\/wp-content\/uploads\/sites\/3\/2025\/07\/514970597_1289479569851857_3286371412368618838_n.jpg","inLanguage":"cs"},{"@type":"WebPage","@id":"https:\/\/www.montessoriostrava.cz\/zs\/mezinarodni-den-cisla-%cf%80-v-1-trojroci-2-2\/","url":"https:\/\/www.montessoriostrava.cz\/zs\/mezinarodni-den-cisla-%cf%80-v-1-trojroci-2-2\/","name":"Konec \u0161koly, hur\u00e1 na pr\u00e1zdniny! | Z\u0160 Montessori Ostrava","isPartOf":{"@id":"https:\/\/www.montessoriostrava.cz\/zs\/#website"},"primaryImageOfPage":{"@id":"https:\/\/www.montessoriostrava.cz\/zs\/mezinarodni-den-cisla-%cf%80-v-1-trojroci-2-2\/#primaryimage"},"image":{"@id":"https:\/\/www.montessoriostrava.cz\/zs\/mezinarodni-den-cisla-%cf%80-v-1-trojroci-2-2\/#primaryimage"},"thumbnailUrl":"https:\/\/www.montessoriostrava.cz\/zs\/wp-content\/uploads\/sites\/3\/2025\/07\/514970597_1289479569851857_3286371412368618838_n.jpg","datePublished":"2025-06-30T08:15:00+00:00","dateModified":"2025-07-07T08:18:19+00:00","description":"Aktu\u00e1ln\u011b z na\u0161\u00ed z\u00e1kladn\u00ed \u0161koly Montessori Ostrava. P\u0159e\u010dt\u011bte si nap\u0159 o Konec \u0161koly, hur\u00e1 na pr\u00e1zdniny! a nav\u0161tivte n\u00e1\u0161 web.","breadcrumb":{"@id":"https:\/\/www.montessoriostrava.cz\/zs\/mezinarodni-den-cisla-%cf%80-v-1-trojroci-2-2\/#breadcrumb"},"inLanguage":"cs","potentialAction":[{"@type":"ReadAction","target":["https:\/\/www.montessoriostrava.cz\/zs\/mezinarodni-den-cisla-%cf%80-v-1-trojroci-2-2\/"]}]},{"@type":"ImageObject","inLanguage":"cs","@id":"https:\/\/www.montessoriostrava.cz\/zs\/mezinarodni-den-cisla-%cf%80-v-1-trojroci-2-2\/#primaryimage","url":"https:\/\/www.montessoriostrava.cz\/zs\/wp-content\/uploads\/sites\/3\/2025\/07\/514970597_1289479569851857_3286371412368618838_n.jpg","contentUrl":"https:\/\/www.montessoriostrava.cz\/zs\/wp-content\/uploads\/sites\/3\/2025\/07\/514970597_1289479569851857_3286371412368618838_n.jpg","width":1247,"height":1077},{"@type":"BreadcrumbList","@id":"https:\/\/www.montessoriostrava.cz\/zs\/mezinarodni-den-cisla-%cf%80-v-1-trojroci-2-2\/#breadcrumb","itemListElement":[{"@type":"ListItem","position":1,"name":"Dom\u016f","item":"https:\/\/www.montessoriostrava.cz\/zs\/"},{"@type":"ListItem","position":2,"name":"Konec \u0161koly, hur\u00e1 na pr\u00e1zdniny!"}]},{"@type":"WebSite","@id":"https:\/\/www.montessoriostrava.cz\/zs\/#website","url":"https:\/\/www.montessoriostrava.cz\/zs\/","name":"Z\u0160 Montessori Ostrava","description":"Z\u00e1kladn\u00ed \u0161kola s respektem!","publisher":{"@id":"https:\/\/www.montessoriostrava.cz\/zs\/#organization"},"potentialAction":[{"@type":"SearchAction","target":{"@type":"EntryPoint","urlTemplate":"https:\/\/www.montessoriostrava.cz\/zs\/?s={search_term_string}"},"query-input":{"@type":"PropertyValueSpecification","valueRequired":true,"valueName":"search_term_string"}}],"inLanguage":"cs"},{"@type":"Organization","@id":"https:\/\/www.montessoriostrava.cz\/zs\/#organization","name":"Montessori Ostrava","url":"https:\/\/www.montessoriostrava.cz\/zs\/","logo":{"@type":"ImageObject","inLanguage":"cs","@id":"https:\/\/www.montessoriostrava.cz\/zs\/#\/schema\/logo\/image\/","url":"https:\/\/www.montessoriostrava.cz\/zs\/wp-content\/uploads\/sites\/3\/2025\/01\/logo-montessori.png","contentUrl":"https:\/\/www.montessoriostrava.cz\/zs\/wp-content\/uploads\/sites\/3\/2025\/01\/logo-montessori.png","width":1794,"height":527,"caption":"Montessori Ostrava"},"image":{"@id":"https:\/\/www.montessoriostrava.cz\/zs\/#\/schema\/logo\/image\/"}},{"@type":"Person","@id":"https:\/\/www.montessoriostrava.cz\/zs\/#\/schema\/person\/538105acd1b15103df59ad86960acb35","name":"michalhradecny","image":{"@type":"ImageObject","inLanguage":"cs","@id":"https:\/\/secure.gravatar.com\/avatar\/ea61f19e01a43a31f01c65d9d57a4586bb72176fb9357c7fce253f47a2522945?s=96&d=mm&r=g","url":"https:\/\/secure.gravatar.com\/avatar\/ea61f19e01a43a31f01c65d9d57a4586bb72176fb9357c7fce253f47a2522945?s=96&d=mm&r=g","contentUrl":"https:\/\/secure.gravatar.com\/avatar\/ea61f19e01a43a31f01c65d9d57a4586bb72176fb9357c7fce253f47a2522945?s=96&d=mm&r=g","caption":"michalhradecny"}}]}},"_links":{"self":[{"href":"https:\/\/www.montessoriostrava.cz\/zs\/wp-json\/wp\/v2\/posts\/801","targetHints":{"allow":["GET"]}}],"collection":[{"href":"https:\/\/www.montessoriostrava.cz\/zs\/wp-json\/wp\/v2\/posts"}],"about":[{"href":"https:\/\/www.montessoriostrava.cz\/zs\/wp-json\/wp\/v2\/types\/post"}],"author":[{"embeddable":true,"href":"https:\/\/www.montessoriostrava.cz\/zs\/wp-json\/wp\/v2\/users\/5"}],"replies":[{"embeddable":true,"href":"https:\/\/www.montessoriostrava.cz\/zs\/wp-json\/wp\/v2\/comments?post=801"}],"version-history":[{"count":1,"href":"https:\/\/www.montessoriostrava.cz\/zs\/wp-json\/wp\/v2\/posts\/801\/revisions"}],"predecessor-version":[{"id":804,"href":"https:\/\/www.montessoriostrava.cz\/zs\/wp-json\/wp\/v2\/posts\/801\/revisions\/804"}],"wp:featuredmedia":[{"embeddable":true,"href":"https:\/\/www.montessoriostrava.cz\/zs\/wp-json\/wp\/v2\/media\/803"}],"wp:attachment":[{"href":"https:\/\/www.montessoriostrava.cz\/zs\/wp-json\/wp\/v2\/media?parent=801"}],"wp:term":[{"taxonomy":"category","embeddable":true,"href":"https:\/\/www.montessoriostrava.cz\/zs\/wp-json\/wp\/v2\/categories?post=801"},{"taxonomy":"post_tag","embeddable":true,"href":"https:\/\/www.montessoriostrava.cz\/zs\/wp-json\/wp\/v2\/tags?post=801"}],"curies":[{"name":"wp","href":"https:\/\/api.w.org\/{rel}","templated":true}]}}